{"id":9647,"date":"2021-06-24T12:00:13","date_gmt":"2021-06-24T11:00:13","guid":{"rendered":"https:\/\/annamcara.ch\/htm\/?p=9647"},"modified":"2023-12-11T11:23:52","modified_gmt":"2023-12-11T10:23:52","slug":"welttag-der-feen","status":"publish","type":"post","link":"https:\/\/annamcara.ch\/htm\/spez-tage\/welttag-der-feen\/","title":{"rendered":"Welttag der Feen"},"content":{"rendered":"<div id=\"pl-9647\"  class=\"panel-layout\" ><div id=\"pg-9647-0\"  class=\"panel-grid panel-no-style\" ><div id=\"pgc-9647-0-0\"  class=\"panel-grid-cell\" ><div id=\"panel-9647-0-0-0\" class=\"so-panel widget widget_sow-editor panel-first-child panel-last-child\" data-index=\"0\" ><div\n\t\t\t\n\t\t\tclass=\"so-widget-sow-editor so-widget-sow-editor-base\"\n\t\t\t\n\t\t>\n<div class=\"siteorigin-widget-tinymce textwidget\">\n\t<h3>Internationaler Tag der Feen &amp; Elfen<\/h3>\n<p>Und heute ist der Tag der Feen, einer meiner liebsten kuriosen Tage des Jahres. Klar, f\u00fcr mich sind die Wesen der D\u00e4mmerung immer da, jeden einzelnen Tag. Doch so ein spezieller Welttag erinnert uns daran und hilft uns, sie wieder mehr in unseren Alltag zu integrieren, die Magie des Moments, den kleinen, feinen Fl\u00fcgelschlag wahrzunehmen!&nbsp; \u2665<\/p>\n<p><img decoding=\"async\" src=\"https:\/\/annamcara.ch\/htm\/wp-content\/uploads\/AnnamCara-Weisheit-TAG-DER-FEEN-21.jpg\" alt=\"AnnamCara - Blog - Kuriose Tage - Internat. Tag der Feen - Titelbild\" width=\"100%\" height=\"100%\" align=\"center\"\/><\/p>\n<\/div>\n<\/div><\/div><\/div><\/div><div id=\"pg-9647-1\"  class=\"panel-grid panel-no-style\" ><div id=\"pgc-9647-1-0\"  class=\"panel-grid-cell\" ><div id=\"panel-9647-1-0-0\" class=\"so-panel widget widget_sow-editor panel-first-child panel-last-child\" data-index=\"1\" ><div\n\t\t\t\n\t\t\tclass=\"so-widget-sow-editor so-widget-sow-editor-base\"\n\t\t\t\n\t\t>\n<div class=\"siteorigin-widget-tinymce textwidget\">\n\t<h3>Ursprung dieses Internationalen Welttages - \u00abInternational Fairy Day\u00bb<\/h3>\n<p>Ich habe mich nat\u00fcrlich gefragt, <strong>WEM<\/strong> verdanken wir diesen wundervollen Tag. Es bedarf tats\u00e4chlich einiger tieferer Recherchen, bis man auf die amerikanische Feenk\u00fcnstlerin Jessica Galbreth st\u00f6sst, welche im Jahr 2006 diesen Tag gemeinsam mit vielen talentierten Freunden ins Leben gerufen hat und so gilt sie als Gr\u00fcnderin dieses magischen und zwischenweltlichen Feiertags.<br \/>\nSie galt seit 1999 bis 2010 als wichtige und wegbereitende K\u00fcnstlerin im Bereich der Feen, Elfen und Bewohnenden der Anderswelt. Sie nannte sich selbst \u00abFeenk\u00fcnstlerin\u00bb. Sie wollte, dass wir diesen Feiertag zu Ehren der Feen feiern, uns verzaubern lassen und wieder an die Magie der M\u00e4rchen glauben. <\/p>\n<\/div>\n<\/div><\/div><\/div><\/div><div id=\"pg-9647-2\"  class=\"panel-grid panel-no-style\" ><div id=\"pgc-9647-2-0\"  class=\"panel-grid-cell\" ><div id=\"panel-9647-2-0-0\" class=\"so-panel widget widget_sow-image panel-first-child panel-last-child\" data-index=\"2\" ><div\n\t\t\t\n\t\t\tclass=\"so-widget-sow-image so-widget-sow-image-default-8b5b6f678277-9647\"\n\t\t\t\n\t\t>\n<div class=\"sow-image-container\">\n\t\t<img \n\tsrc=\"https:\/\/annamcara.ch\/htm\/wp-content\/uploads\/AnnamCara-Blog-TagDerFeen-JessicaGalbreth.jpg\" width=\"900\" height=\"600\" srcset=\"https:\/\/annamcara.ch\/htm\/wp-content\/uploads\/AnnamCara-Blog-TagDerFeen-JessicaGalbreth.jpg 900w, https:\/\/annamcara.ch\/htm\/wp-content\/uploads\/AnnamCara-Blog-TagDerFeen-JessicaGalbreth-300x200.jpg 300w, https:\/\/annamcara.ch\/htm\/wp-content\/uploads\/AnnamCara-Blog-TagDerFeen-JessicaGalbreth-768x512.jpg 768w, https:\/\/annamcara.ch\/htm\/wp-content\/uploads\/AnnamCara-Blog-TagDerFeen-JessicaGalbreth-272x182.jpg 272w\" sizes=\"(max-width: 706px) 89vw, (max-width: 767px) 82vw, 740px\" title=\"AnnamCara - Blog - Kuriose Tage - Internat. Tag der Feen - Bilder der Feenk\u00fcnstlerin und Gr\u00fcnderin des Welttages der Feen - Jessica Galbreth\" alt=\"AnnamCara - Blog - Kuriose Tage - Internat. Tag der Feen - Bilder der Feenk\u00fcnstlerin und Gr\u00fcnderin des Welttages der Feen - Jessica Galbreth\" \t\tclass=\"so-widget-image\"\/>\n\t<\/div>\n\n<\/div><\/div><\/div><div id=\"pgc-9647-2-1\"  class=\"panel-grid-cell\" ><div id=\"panel-9647-2-1-0\" class=\"so-panel widget widget_sow-image panel-first-child panel-last-child\" data-index=\"3\" ><div\n\t\t\t\n\t\t\tclass=\"so-widget-sow-image so-widget-sow-image-default-8b5b6f678277-9647\"\n\t\t\t\n\t\t>\n<div class=\"sow-image-container\">\n\t\t<img \n\tsrc=\"https:\/\/annamcara.ch\/htm\/wp-content\/uploads\/AnnamCara-Blog-TagDerFeen-JessicaGalbreth-Spruch-Bild.jpg\" width=\"900\" height=\"600\" srcset=\"https:\/\/annamcara.ch\/htm\/wp-content\/uploads\/AnnamCara-Blog-TagDerFeen-JessicaGalbreth-Spruch-Bild.jpg 900w, https:\/\/annamcara.ch\/htm\/wp-content\/uploads\/AnnamCara-Blog-TagDerFeen-JessicaGalbreth-Spruch-Bild-300x200.jpg 300w, https:\/\/annamcara.ch\/htm\/wp-content\/uploads\/AnnamCara-Blog-TagDerFeen-JessicaGalbreth-Spruch-Bild-768x512.jpg 768w, https:\/\/annamcara.ch\/htm\/wp-content\/uploads\/AnnamCara-Blog-TagDerFeen-JessicaGalbreth-Spruch-Bild-272x182.jpg 272w\" sizes=\"(max-width: 706px) 89vw, (max-width: 767px) 82vw, 740px\" title=\"AnnamCara - Blog - Kuriose Tage - Internat. Tag der Feen - Jessica Galbreth - Spruchbild\" alt=\"AnnamCara - Blog - Kuriose Tage - Internat. Tag der Feen - Jessica Galbreth - Spruchbild\" \t\tclass=\"so-widget-image\"\/>\n\t<\/div>\n\n<\/div><\/div><\/div><\/div><div id=\"pg-9647-3\"  class=\"panel-grid panel-no-style\" ><div id=\"pgc-9647-3-0\"  class=\"panel-grid-cell\" ><div id=\"panel-9647-3-0-0\" class=\"so-panel widget widget_sow-editor panel-first-child panel-last-child\" data-index=\"4\" ><div\n\t\t\t\n\t\t\tclass=\"so-widget-sow-editor so-widget-sow-editor-base\"\n\t\t\t\n\t\t>\n<div class=\"siteorigin-widget-tinymce textwidget\">\n\t<h3>Ritual<\/h3>\n<p>M\u00f6chtest auch du diesen besonderen Tag feiern, so gehe in den Wald oder in die Natur und halte dein Herz und deine Augen offen. Ein Glitzern da, ein Funkeln dort und husch sind die Feen um dich herum gesaust.<br \/>\nIch suche mir ein ruhiges Pl\u00e4tzchen im Wald, setzte mich auf einen Baumstrunk, der \u00fcber und \u00fcber mit Moos bewachsen ist, schliesse die Augen und lausche... und pl\u00f6tzlich beginnt es mich an der Nasenspitze zu kitzeln.<br \/>\nUnd in diesem magischen Moment, nicht ganz hier und nicht ganz dort, ist alles m\u00f6glich. Sogar, dass wir einen Wunsch frei haben!<\/p>\n<p>Ich bringe ihnen immer eine kleine Gabe mit, um ihnen zu zeigen, sie sind in meiner Welt pr\u00e4sent, ich sch\u00e4tze ihre Anwesenheit und ihr stetiges Tun. Und so hinterlasse ich ihnen im Moos, welches sie so lieben wie ich auch, immer etwas das glitzert und etwas S\u00fcsses (frische, wilde Erdbeeren zum Beispiel).<\/p>\n<\/div>\n<\/div><\/div><\/div><\/div><div id=\"pg-9647-4\"  class=\"panel-grid panel-no-style\" ><div id=\"pgc-9647-4-0\"  class=\"panel-grid-cell panel-grid-cell-empty\" ><\/div><div id=\"pgc-9647-4-1\"  class=\"panel-grid-cell panel-grid-cell-mobile-last\" ><div id=\"panel-9647-4-1-0\" class=\"so-panel widget widget_sow-image panel-first-child panel-last-child\" data-index=\"5\" ><div\n\t\t\t\n\t\t\tclass=\"so-widget-sow-image so-widget-sow-image-default-c67d20f9f743-9647\"\n\t\t\t\n\t\t>\n<div class=\"sow-image-container\">\n\t\t<img \n\tsrc=\"https:\/\/annamcara.ch\/htm\/wp-content\/uploads\/AnnamCara-Blog-TagDerFeen-Einhorn.jpg\" width=\"900\" height=\"600\" srcset=\"https:\/\/annamcara.ch\/htm\/wp-content\/uploads\/AnnamCara-Blog-TagDerFeen-Einhorn.jpg 900w, https:\/\/annamcara.ch\/htm\/wp-content\/uploads\/AnnamCara-Blog-TagDerFeen-Einhorn-300x200.jpg 300w, https:\/\/annamcara.ch\/htm\/wp-content\/uploads\/AnnamCara-Blog-TagDerFeen-Einhorn-768x512.jpg 768w, https:\/\/annamcara.ch\/htm\/wp-content\/uploads\/AnnamCara-Blog-TagDerFeen-Einhorn-272x182.jpg 272w\" sizes=\"(max-width: 706px) 89vw, (max-width: 767px) 82vw, 740px\" title=\"AnnamCara - Blog - Kuriose Tage - Internat. Tag der Feen - Einhorn Spruchbild\" alt=\"AnnamCara - Blog - Kuriose Tage - Internat. Tag der Feen - Einhorn Spruchbild\" \t\tclass=\"so-widget-image\"\/>\n\t<\/div>\n\n<\/div><\/div><\/div><div id=\"pgc-9647-4-2\"  class=\"panel-grid-cell panel-grid-cell-empty\" ><\/div><\/div><div id=\"pg-9647-5\"  class=\"panel-grid panel-no-style\" ><div id=\"pgc-9647-5-0\"  class=\"panel-grid-cell\" ><div id=\"panel-9647-5-0-0\" class=\"so-panel widget widget_sow-editor panel-first-child panel-last-child\" data-index=\"6\" ><div\n\t\t\t\n\t\t\tclass=\"so-widget-sow-editor so-widget-sow-editor-base\"\n\t\t\t\n\t\t>\n<div class=\"siteorigin-widget-tinymce textwidget\">\n\t<p>Und so mache ich mich auf den Weg, diesen Tag mit Magie, viel Glitzer und purer S\u00fcsse im Kreise meiner Freunde der Anderswelt zu geniessen und zu feiern!! \ud83d\ude09<\/p>\n<p><span style=\"font-size: 0.7rem;\">(Beitrag kann unbezahlte und\/oder unbeauftragte Werbung wegen Namensnennung, Produkterkennung und\/oder Verlinkung enthalten.)<\/span><\/p>\n<p>Ich w\u00fcnsche euch wunder-volle und magische Begegnungen!  \u2665<\/p>\n<p>Herzlichst, Anna<\/p>\n<\/div>\n<\/div><\/div><\/div><\/div><\/div>","protected":false},"excerpt":{"rendered":"<p>Internationaler Tag der Feen &amp; Elfen Und heute ist der Tag der Feen, einer meiner liebsten kuriosen Tage des Jahres. Klar, f\u00fcr mich sind die Wesen der D\u00e4mmerung immer da, jeden einzelnen Tag. Doch so ein spezieller Welttag erinnert uns daran und hilft uns, sie wieder mehr in unseren Alltag zu integrieren, die Magie des &hellip; <\/p>\n<p class=\"link-more\"><a href=\"https:\/\/annamcara.ch\/htm\/spez-tage\/welttag-der-feen\/\" class=\"more-link\"><span class=\"screen-reader-text\">\u201eWelttag der Feen\u201c<\/span> weiterlesen<\/a><\/p>\n","protected":false},"author":1,"featured_media":0,"comment_status":"open","ping_status":"open","sticky":false,"template":"","format":"standard","meta":{"ngg_post_thumbnail":0,"footnotes":""},"categories":[409,45],"tags":[215,216,217,198,213,214,65,218,219,220],"class_list":["post-9647","post","type-post","status-publish","format-standard","hentry","category-409","category-spez-tage","tag-einhorn","tag-einhoerner","tag-elfe","tag-elfen","tag-feen","tag-kobolde","tag-kuriose-tage","tag-magie","tag-moos","tag-ritual"],"_links":{"self":[{"href":"https:\/\/annamcara.ch\/htm\/wp-json\/wp\/v2\/posts\/9647","targetHints":{"allow":["GET"]}}],"collection":[{"href":"https:\/\/annamcara.ch\/htm\/wp-json\/wp\/v2\/posts"}],"about":[{"href":"https:\/\/annamcara.ch\/htm\/wp-json\/wp\/v2\/types\/post"}],"author":[{"embeddable":true,"href":"https:\/\/annamcara.ch\/htm\/wp-json\/wp\/v2\/users\/1"}],"replies":[{"embeddable":true,"href":"https:\/\/annamcara.ch\/htm\/wp-json\/wp\/v2\/comments?post=9647"}],"version-history":[{"count":30,"href":"https:\/\/annamcara.ch\/htm\/wp-json\/wp\/v2\/posts\/9647\/revisions"}],"predecessor-version":[{"id":9682,"href":"https:\/\/annamcara.ch\/htm\/wp-json\/wp\/v2\/posts\/9647\/revisions\/9682"}],"wp:attachment":[{"href":"https:\/\/annamcara.ch\/htm\/wp-json\/wp\/v2\/media?parent=9647"}],"wp:term":[{"taxonomy":"category","embeddable":true,"href":"https:\/\/annamcara.ch\/htm\/wp-json\/wp\/v2\/categories?post=9647"},{"taxonomy":"post_tag","embeddable":true,"href":"https:\/\/annamcara.ch\/htm\/wp-json\/wp\/v2\/tags?post=9647"}],"curies":[{"name":"wp","href":"https:\/\/api.w.org\/{rel}","templated":true}]}}