{"id":9506,"date":"2021-06-08T12:00:52","date_gmt":"2021-06-08T11:00:52","guid":{"rendered":"https:\/\/annamcara.ch\/htm\/?p=9506"},"modified":"2023-12-11T11:24:13","modified_gmt":"2023-12-11T10:24:13","slug":"tag-des-meeres","status":"publish","type":"post","link":"https:\/\/annamcara.ch\/htm\/spez-tage\/tag-des-meeres\/","title":{"rendered":"Welttag des Meeres"},"content":{"rendered":"<div id=\"pl-9506\"  class=\"panel-layout\" ><div id=\"pg-9506-0\"  class=\"panel-grid panel-no-style\" ><div id=\"pgc-9506-0-0\"  class=\"panel-grid-cell\" ><div id=\"panel-9506-0-0-0\" class=\"so-panel widget widget_sow-editor panel-first-child panel-last-child\" data-index=\"0\" ><div\n\t\t\t\n\t\t\tclass=\"so-widget-sow-editor so-widget-sow-editor-base\"\n\t\t\t\n\t\t>\n<div class=\"siteorigin-widget-tinymce textwidget\">\n\t<h3>Der Atlantik - mein Fernweh...<\/h3>\n<p>Ihr, die ihr mich schon l\u00e4nger kennt, wisst - der Nordwesten Frankreichs, sprich die Bretagne, ist meine Seelenheimat \u2665.<br \/>\nDort wo uraltes Land auf den wilden Atlantik trifft, wo der Wind einem die Sorgen wegbl\u00e4st und die Sonne dein Herz w\u00e4rmt.<br \/>\nHeute zum Tag des Meeres m\u00f6chte ich euch \u00abmeinen\u00bb Atlantik zeigen und etwa n\u00e4herbringen.<\/p>\n<p><img decoding=\"async\" src=\"https:\/\/annamcara.ch\/htm\/wp-content\/uploads\/AnnamCara-Blog-Meertag-Header.jpg\" alt=\"Anna'mCara - Blog - Kuriose Feiertage - Tag des Meeres\" width=\"100%\" height=\"100%\" align=\"center\"\/><\/p>\n<\/div>\n<\/div><\/div><\/div><\/div><div id=\"pg-9506-1\"  class=\"panel-grid panel-no-style\" ><div id=\"pgc-9506-1-0\"  class=\"panel-grid-cell\" ><div id=\"panel-9506-1-0-0\" class=\"so-panel widget widget_sow-editor panel-first-child panel-last-child\" data-index=\"1\" ><div\n\t\t\t\n\t\t\tclass=\"so-widget-sow-editor so-widget-sow-editor-base\"\n\t\t\t\n\t\t>\n<div class=\"siteorigin-widget-tinymce textwidget\">\n\t<h3>Ursprung dieses Welttages oder \u00abMeere und das Leben\u00bb<\/h3>\n<p>In Rio de Janeiro wurde 1992 am Erdgipfel beschlossen, dass man ab 2009 jedes Jahr den \u00abTag des Meeres\u00bb begeht, bzw. gefeiert wird. Dieser spezielle Welttag soll uns in Erinnerung rufen, wie wichtig saubere Meere sind, f\u00fcr unser Leben bzw. das \u00dcberleben der Menschen und der Tierwelt. Und so feiern wir heute am 8. Juni den Tag des Meeres.<br \/>\nBedenken wir, dass 70 % der Erdoberfl\u00e4che von Wasser bedeckt ist und wir eigentlich sehr wenig \u00fcber die Ozeane wissen. Viele Regionen der Tiefsee sind uns Menschen noch immer unbekannt und unentdeckt. So k\u00f6nnen noch heute neue Tierarten im Meer entdeckt werden.<br \/>\nEin weiterer wichtiger Aspekt ist, dass die Meere enorme Mengen an Kohlendioxid binden. Ein Treibhausgas, welches sonst enorm zur Erw\u00e4rmung unseres Planeten beitragen w\u00fcrde.<\/p>\n<\/div>\n<\/div><\/div><\/div><\/div><div id=\"pg-9506-2\"  class=\"panel-grid panel-no-style\" ><div id=\"pgc-9506-2-0\"  class=\"panel-grid-cell\" ><div id=\"panel-9506-2-0-0\" class=\"so-panel widget widget_sow-image panel-first-child\" data-index=\"2\" ><div\n\t\t\t\n\t\t\tclass=\"so-widget-sow-image so-widget-sow-image-default-8b5b6f678277-9506\"\n\t\t\t\n\t\t>\n<div class=\"sow-image-container\">\n\t\t<img \n\tsrc=\"https:\/\/annamcara.ch\/htm\/wp-content\/uploads\/AnnamCara-Blog-Meertag-Four.jpg\" width=\"1920\" height=\"837\" srcset=\"https:\/\/annamcara.ch\/htm\/wp-content\/uploads\/AnnamCara-Blog-Meertag-Four.jpg 1920w, https:\/\/annamcara.ch\/htm\/wp-content\/uploads\/AnnamCara-Blog-Meertag-Four-300x131.jpg 300w, https:\/\/annamcara.ch\/htm\/wp-content\/uploads\/AnnamCara-Blog-Meertag-Four-1024x446.jpg 1024w, https:\/\/annamcara.ch\/htm\/wp-content\/uploads\/AnnamCara-Blog-Meertag-Four-768x335.jpg 768w, https:\/\/annamcara.ch\/htm\/wp-content\/uploads\/AnnamCara-Blog-Meertag-Four-1536x670.jpg 1536w\" sizes=\"(max-width: 706px) 89vw, (max-width: 767px) 82vw, 740px\" title=\"AnnamCara - Blog - Kuriose Tage - Tag des Meeres - Phare le four\" alt=\"AnnamCara - Blog - Kuriose Tage - Tag des Meeres - Phare le four\" \t\tclass=\"so-widget-image\"\/>\n\t<\/div>\n\n<\/div><\/div><div id=\"panel-9506-2-0-1\" class=\"so-panel widget widget_sow-editor panel-last-child\" data-index=\"3\" ><div\n\t\t\t\n\t\t\tclass=\"so-widget-sow-editor so-widget-sow-editor-base\"\n\t\t\t\n\t\t>\n<div class=\"siteorigin-widget-tinymce textwidget\">\n\t<h3>Der Atlantik<\/h3>\n<p>Er bedeckt mit ca. 106 Mio. Quadratkilometern 1\/5 der Erdoberfl\u00e4che und ist damit der zweitgr\u00f6sste der Ozeane. Erdgeschichtlich ist der Altantische Ozean der j\u00fcngste, er entstand erst vor ca. 150 Mio. Jahren.<br \/>\nZwischen Amerika im Westen und durch Europa und Afrika im Osten wird der Atlantik eingegrenzt. Seinen Namen verdankt er der griechischen Sagenfigur Atlas, einem Riesen der weit im Westen lebte und den Himmel auf seinen Schultern trug, so glaubten die alten Griechen. Durchschnittlich ist der Atlantik \u00fcber 3'000 Meter tief und er wird von einem Unterwasser-Gebirge durchzogen - dem Mittelatlantischen R\u00fccken. Dieser wird gebildet, weil sich darunter zwei Kontinentalplatten treffen und zwischen ihnen geschmolzenes Gestein aus dem Erdinnern aufsteigt, welches durch die Ber\u00fchrung mit dem Meerwasser erstarrt und dieses Gebirge formt.<\/p>\n<\/div>\n<\/div><\/div><\/div><\/div><div id=\"pg-9506-3\"  class=\"panel-grid panel-no-style\" ><div id=\"pgc-9506-3-0\"  class=\"panel-grid-cell\" ><div id=\"panel-9506-3-0-0\" class=\"so-panel widget widget_sow-image panel-first-child panel-last-child\" data-index=\"4\" ><div\n\t\t\t\n\t\t\tclass=\"so-widget-sow-image so-widget-sow-image-default-8b5b6f678277-9506\"\n\t\t\t\n\t\t>\n<div class=\"sow-image-container\">\n\t\t<img \n\tsrc=\"https:\/\/annamcara.ch\/htm\/wp-content\/uploads\/AnnamCara-Blog-Meertag-Phare.jpg\" width=\"900\" height=\"600\" srcset=\"https:\/\/annamcara.ch\/htm\/wp-content\/uploads\/AnnamCara-Blog-Meertag-Phare.jpg 900w, https:\/\/annamcara.ch\/htm\/wp-content\/uploads\/AnnamCara-Blog-Meertag-Phare-300x200.jpg 300w, https:\/\/annamcara.ch\/htm\/wp-content\/uploads\/AnnamCara-Blog-Meertag-Phare-768x512.jpg 768w, https:\/\/annamcara.ch\/htm\/wp-content\/uploads\/AnnamCara-Blog-Meertag-Phare-272x182.jpg 272w\" sizes=\"(max-width: 706px) 89vw, (max-width: 767px) 82vw, 740px\" title=\"AnnamCara - Blog - Kuriose Tage - Tag des Meeres - Phare le petit Minou\" alt=\"AnnamCara - Blog - Kuriose Tage - Tag des Meeres - Phare le petit Minou\" \t\tclass=\"so-widget-image\"\/>\n\t<\/div>\n\n<\/div><\/div><\/div><div id=\"pgc-9506-3-1\"  class=\"panel-grid-cell\" ><div id=\"panel-9506-3-1-0\" class=\"so-panel widget widget_sow-image panel-first-child panel-last-child\" data-index=\"5\" ><div\n\t\t\t\n\t\t\tclass=\"so-widget-sow-image so-widget-sow-image-default-8b5b6f678277-9506\"\n\t\t\t\n\t\t>\n<div class=\"sow-image-container\">\n\t\t<img \n\tsrc=\"https:\/\/annamcara.ch\/htm\/wp-content\/uploads\/AnnamCara-Blog-Meertag-Ouessant.jpg\" width=\"900\" height=\"600\" srcset=\"https:\/\/annamcara.ch\/htm\/wp-content\/uploads\/AnnamCara-Blog-Meertag-Ouessant.jpg 900w, https:\/\/annamcara.ch\/htm\/wp-content\/uploads\/AnnamCara-Blog-Meertag-Ouessant-300x200.jpg 300w, https:\/\/annamcara.ch\/htm\/wp-content\/uploads\/AnnamCara-Blog-Meertag-Ouessant-768x512.jpg 768w, https:\/\/annamcara.ch\/htm\/wp-content\/uploads\/AnnamCara-Blog-Meertag-Ouessant-272x182.jpg 272w\" sizes=\"(max-width: 706px) 89vw, (max-width: 767px) 82vw, 740px\" title=\"AnnamCara - Blog - Kuriose Tage - Tag des Meeres - Ouessant\" alt=\"AnnamCara - Blog - Kuriose Tage - Tag des Meeres - Ouessant\" \t\tclass=\"so-widget-image\"\/>\n\t<\/div>\n\n<\/div><\/div><\/div><\/div><div id=\"pg-9506-4\"  class=\"panel-grid panel-no-style\" ><div id=\"pgc-9506-4-0\"  class=\"panel-grid-cell panel-grid-cell-empty\" ><\/div><div id=\"pgc-9506-4-1\"  class=\"panel-grid-cell panel-grid-cell-mobile-last\" ><div id=\"panel-9506-4-1-0\" class=\"so-panel widget widget_sow-image panel-first-child panel-last-child\" data-index=\"6\" ><div\n\t\t\t\n\t\t\tclass=\"so-widget-sow-image so-widget-sow-image-default-c67d20f9f743-9506\"\n\t\t\t\n\t\t>\n<div class=\"sow-image-container\">\n\t\t<img \n\tsrc=\"https:\/\/annamcara.ch\/htm\/wp-content\/uploads\/AnnamCara-Weisheit-MEER-WOLLEN.jpg\" width=\"900\" height=\"600\" srcset=\"https:\/\/annamcara.ch\/htm\/wp-content\/uploads\/AnnamCara-Weisheit-MEER-WOLLEN.jpg 900w, https:\/\/annamcara.ch\/htm\/wp-content\/uploads\/AnnamCara-Weisheit-MEER-WOLLEN-300x200.jpg 300w, https:\/\/annamcara.ch\/htm\/wp-content\/uploads\/AnnamCara-Weisheit-MEER-WOLLEN-768x512.jpg 768w, https:\/\/annamcara.ch\/htm\/wp-content\/uploads\/AnnamCara-Weisheit-MEER-WOLLEN-272x182.jpg 272w\" sizes=\"(max-width: 706px) 89vw, (max-width: 767px) 82vw, 740px\" title=\"AnnamCara - Blog - Kuriose Tage - Tag des Meeres - Spruchbild\" alt=\"AnnamCara - Blog - Kuriose Tage - Tag des Meeres - Spruchbild\" \t\tclass=\"so-widget-image\"\/>\n\t<\/div>\n\n<\/div><\/div><\/div><div id=\"pgc-9506-4-2\"  class=\"panel-grid-cell panel-grid-cell-empty\" ><\/div><\/div><div id=\"pg-9506-5\"  class=\"panel-grid panel-no-style\" ><div id=\"pgc-9506-5-0\"  class=\"panel-grid-cell\" ><div id=\"panel-9506-5-0-0\" class=\"so-panel widget widget_sow-editor panel-first-child panel-last-child\" data-index=\"7\" ><div\n\t\t\t\n\t\t\tclass=\"so-widget-sow-editor so-widget-sow-editor-base\"\n\t\t\t\n\t\t>\n<div class=\"siteorigin-widget-tinymce textwidget\">\n\t<p>Gedenken wir heute den grossen Gew\u00e4sser und wenn wir n\u00e4chstes mal am Strand oder am Seeufer sitzen, dann lasst uns bewusst werden, wie bedeutend gutes, sauberes Wasser ist. Kein Abfall ins Wasser werfen, sondern alles wieder mitnehmen und zuhause entsorgen \ud83d\ude09<\/p>\n<p><span style=\"font-size: 0.7rem;\">(Beitrag kann unbezahlte und\/oder unbeauftragte Werbung wegen Namensnennung, Produkterkennung und\/oder Verlinkung enthalten.)<\/span><\/p>\n<p>Jetzt w\u00fcnsche ich euch einen blauen, nassen, weiten und fernwehkr\u00e4ftigen Tag des Meeres  \u2665<\/p>\n<p>Herzlichst, Anna<\/p>\n<\/div>\n<\/div><\/div><\/div><\/div><\/div>","protected":false},"excerpt":{"rendered":"<p>Der Atlantik &#8211; mein Fernweh&#8230; Ihr, die ihr mich schon l\u00e4nger kennt, wisst &#8211; der Nordwesten Frankreichs, sprich die Bretagne, ist meine Seelenheimat \u2665. Dort wo uraltes Land auf den wilden Atlantik trifft, wo der Wind einem die Sorgen wegbl\u00e4st und die Sonne dein Herz w\u00e4rmt. Heute zum Tag des Meeres m\u00f6chte ich euch \u00abmeinen\u00bb &hellip; <\/p>\n<p class=\"link-more\"><a href=\"https:\/\/annamcara.ch\/htm\/spez-tage\/tag-des-meeres\/\" class=\"more-link\"><span class=\"screen-reader-text\">\u201eWelttag des Meeres\u201c<\/span> weiterlesen<\/a><\/p>\n","protected":false},"author":1,"featured_media":0,"comment_status":"open","ping_status":"open","sticky":false,"template":"","format":"standard","meta":{"ngg_post_thumbnail":0,"footnotes":""},"categories":[409,45],"tags":[203,65,202,206,204,205],"class_list":["post-9506","post","type-post","status-publish","format-standard","hentry","category-409","category-spez-tage","tag-atlantik","tag-kuriose-tage","tag-meer","tag-schutz","tag-wasser","tag-weite"],"_links":{"self":[{"href":"https:\/\/annamcara.ch\/htm\/wp-json\/wp\/v2\/posts\/9506","targetHints":{"allow":["GET"]}}],"collection":[{"href":"https:\/\/annamcara.ch\/htm\/wp-json\/wp\/v2\/posts"}],"about":[{"href":"https:\/\/annamcara.ch\/htm\/wp-json\/wp\/v2\/types\/post"}],"author":[{"embeddable":true,"href":"https:\/\/annamcara.ch\/htm\/wp-json\/wp\/v2\/users\/1"}],"replies":[{"embeddable":true,"href":"https:\/\/annamcara.ch\/htm\/wp-json\/wp\/v2\/comments?post=9506"}],"version-history":[{"count":27,"href":"https:\/\/annamcara.ch\/htm\/wp-json\/wp\/v2\/posts\/9506\/revisions"}],"predecessor-version":[{"id":9600,"href":"https:\/\/annamcara.ch\/htm\/wp-json\/wp\/v2\/posts\/9506\/revisions\/9600"}],"wp:attachment":[{"href":"https:\/\/annamcara.ch\/htm\/wp-json\/wp\/v2\/media?parent=9506"}],"wp:term":[{"taxonomy":"category","embeddable":true,"href":"https:\/\/annamcara.ch\/htm\/wp-json\/wp\/v2\/categories?post=9506"},{"taxonomy":"post_tag","embeddable":true,"href":"https:\/\/annamcara.ch\/htm\/wp-json\/wp\/v2\/tags?post=9506"}],"curies":[{"name":"wp","href":"https:\/\/api.w.org\/{rel}","templated":true}]}}