{"id":9104,"date":"2021-04-16T17:00:20","date_gmt":"2021-04-16T16:00:20","guid":{"rendered":"https:\/\/annamcara.ch\/htm\/?p=9104"},"modified":"2023-12-11T11:24:43","modified_gmt":"2023-12-11T10:24:43","slug":"charlie-chaplins-birthday","status":"publish","type":"post","link":"https:\/\/annamcara.ch\/htm\/spez-tage\/charlie-chaplins-birthday\/","title":{"rendered":"Charlie Chaplins Geburtstag"},"content":{"rendered":"<div id=\"pl-9104\"  class=\"panel-layout\" ><div id=\"pg-9104-0\"  class=\"panel-grid panel-no-style\" ><div id=\"pgc-9104-0-0\"  class=\"panel-grid-cell\" ><div id=\"panel-9104-0-0-0\" class=\"so-panel widget widget_sow-editor panel-first-child panel-last-child\" data-index=\"0\" ><div\n\t\t\t\n\t\t\tclass=\"so-widget-sow-editor so-widget-sow-editor-base\"\n\t\t\t\n\t\t>\n<div class=\"siteorigin-widget-tinymce textwidget\">\n\t<h3>132. Geburtstag<\/h3>\n<p>Heute w\u00e4re Charlie Chaplin 132 Jahre alt, wenn er nicht am 25. Dezember 1977 gestorben w\u00e4re.<br \/>\nEin Grund f\u00fcr mich, ein Auge auf diesen aussergew\u00f6hnlichen Schauspieler zu werfen.<\/p>\n<p><img decoding=\"async\" src=\"https:\/\/annamcara.ch\/htm\/wp-content\/uploads\/AnnamCara-Blog-Charlie-Chaplin-Titelbild.jpg\" alt=\"Anna'mCara - Blog - Kuriose Feiertage - Charlie Chaplin Geburtstag\" width=\"100%\" height=\"100%\" align=\"center\" \/><\/p>\n<\/div>\n<\/div><\/div><\/div><\/div><div id=\"pg-9104-1\"  class=\"panel-grid panel-no-style\" ><div id=\"pgc-9104-1-0\"  class=\"panel-grid-cell\" ><div id=\"panel-9104-1-0-0\" class=\"so-panel widget widget_sow-editor panel-first-child panel-last-child\" data-index=\"1\" ><div\n\t\t\t\n\t\t\tclass=\"so-widget-sow-editor so-widget-sow-editor-base\"\n\t\t\t\n\t\t>\n<div class=\"siteorigin-widget-tinymce textwidget\">\n\t<h3>Als ich mich selbst zu lieben begann<\/h3>\n<p><strong>Als ich mich selbst zu lieben begann,<\/strong> konnte ich erkennen, dass emotionaler Schmerz und Leid nur Warnungen f\u00fcr mich sind, gegen meine eigene Wahrheit zu leben.<br \/>\nHeute weiss ich: Das nennt man AUTHENTISCH SEIN.<\/p>\n<p><strong>Als ich mich selbst zu lieben begann,<\/strong> verstand ich, wie sehr es jemanden beeintr\u00e4chtigen kann, wenn ich versuche, diesem Menschen meine W\u00fcnsche aufzuzwingen, auch wenn ich eigentlich weiss, dass der Zeitpunkt nicht stimmt und dieser Mensch nicht dazu bereit ist \u2013 und das gilt auch, wenn dieser Mensch ich selber bin.<br \/>\nHeute weiss ich: Das nennt man RESPEKT.<\/p>\n<p><strong>Als ich mich selbst zu lieben begann,<\/strong> habe ich aufgeh\u00f6rt, mich nach einem anderen Leben zu sehnen und konnte sehen, dass alles um mich herum eine Aufforderung zum Wachsen war.<br \/>\nHeute weiss ich, das nennt man REIFE.<\/p>\n<p><strong>Als ich mich selbst zu lieben begann,<\/strong> habe ich verstanden, dass ich immer und bei jeder Gelegenheit, zur richtigen Zeit am richtigen Ort bin und dass alles, was geschieht, richtig ist \u2013 von da an konnte ich gelassen sein.<br \/>\nHeute weiss ich: Das nennt man SELBSTVERTRAUEN.<\/p>\n<p><strong>Als ich mich selbst zu lieben begann,<\/strong> habe ich aufgeh\u00f6rt, mich meiner freien Zeit zu berauben, und ich habe aufgeh\u00f6rt, weiter grandiose Projekte f\u00fcr die Zukunft zu entwerfen. Heute mache ich nur das, was mir Spass und Freude macht, was ich liebe und was mein Herz zum Lachen bringt, auf meine eigene Art und Weise und in meinem Tempo.<br \/>\nHeute weiss ich, das nennt man EINFACHHEIT.<\/p>\n<\/div>\n<\/div><\/div><\/div><div id=\"pgc-9104-1-1\"  class=\"panel-grid-cell\" ><div id=\"panel-9104-1-1-0\" class=\"so-panel widget widget_sow-editor panel-first-child panel-last-child\" data-index=\"2\" ><div\n\t\t\t\n\t\t\tclass=\"so-widget-sow-editor so-widget-sow-editor-base\"\n\t\t\t\n\t\t>\n<div class=\"siteorigin-widget-tinymce textwidget\">\n\t<h3 style=\"text-align: right;\">&nbsp;<\/h3>\n<p style=\"text-align: right;\"><strong>Als ich mich selbst zu lieben begann,<\/strong> habe ich mich von allem befreit, was nicht gesund f\u00fcr mich war, von Speisen, Menschen, Dingen, Situationen und von Allem, das mich immer wieder hinunterzog, weg von mir selbst. Anfangs nannte ich das \u201eGesunden Egoismus\u201c, aber<br \/>\nheute weiss ich, das ist SELBSTLIEBE.<\/p>\n<p style=\"text-align: right;\"><strong>Als ich mich selbst zu lieben begann,<\/strong> habe ich aufgeh\u00f6rt, immer recht haben zu wollen, so habe ich mich weniger geirrt. Heute habe ich erkannt:<br \/>\ndas nennt man BESCHEIDENHEIT.<\/p>\n<p style=\"text-align: right;\"><strong>Als ich mich selbst zu lieben begann,<\/strong> habe ich mich geweigert, weiter in der Vergangenheit zu leben und mich um meine Zukunft zu sorgen. Jetzt lebe ich nur noch in diesem Augenblick, wo ALLES stattfindet, so lebe ich<br \/>\nheute jeden Tag und nenne es ERF\u00dcLLUNG.<\/p>\n<p style=\"text-align: right;\"><strong>Als ich mich selbst zu lieben begann,<\/strong> da erkannte ich, dass mich mein Denken armselig und krank machen kann. Doch als ich es mit meinem Herzen verbunden hatte, wurde mein Verstand ein wertvoller Verb\u00fcndeter.<br \/>\nDiese Verbindung nenne ich heute WEISHEIT DES HERZENS.<\/p>\n<p style=\"text-align: right;\">Wir brauchen uns nicht weiter vor Auseinandersetzungen, Konflikten und Problemen mit uns selbst und anderen f\u00fcrchten, denn sogar Sterne knallen manchmal aufeinander und es entstehen neue Welten.<br \/>\nHeute weiss ich: <strong>DAS IST DAS LEBEN!<\/strong><\/p>\n<p style=\"text-align: right;\"><span style=\"font-size: 0.7rem;\"><br \/>\nCharlie Chaplin zu seinem 70. Geburtstag<\/span><\/p>\n<\/div>\n<\/div><\/div><\/div><\/div><div id=\"pg-9104-2\"  class=\"panel-grid panel-no-style\" ><div id=\"pgc-9104-2-0\"  class=\"panel-grid-cell\" ><div id=\"panel-9104-2-0-0\" class=\"so-panel widget widget_sow-image panel-first-child panel-last-child\" data-index=\"3\" ><div\n\t\t\t\n\t\t\tclass=\"so-widget-sow-image so-widget-sow-image-default-8b5b6f678277-9104\"\n\t\t\t\n\t\t>\n<div class=\"sow-image-container\">\n\t\t<img \n\tsrc=\"https:\/\/annamcara.ch\/htm\/wp-content\/uploads\/AnnamCara-Blog-Charlie-Chaplin-Probleme.jpg\" width=\"900\" height=\"600\" srcset=\"https:\/\/annamcara.ch\/htm\/wp-content\/uploads\/AnnamCara-Blog-Charlie-Chaplin-Probleme.jpg 900w, https:\/\/annamcara.ch\/htm\/wp-content\/uploads\/AnnamCara-Blog-Charlie-Chaplin-Probleme-300x200.jpg 300w, https:\/\/annamcara.ch\/htm\/wp-content\/uploads\/AnnamCara-Blog-Charlie-Chaplin-Probleme-768x512.jpg 768w, https:\/\/annamcara.ch\/htm\/wp-content\/uploads\/AnnamCara-Blog-Charlie-Chaplin-Probleme-272x182.jpg 272w\" sizes=\"(max-width: 706px) 89vw, (max-width: 767px) 82vw, 740px\" title=\"AnnamCara - Blog - Kuriose Tage - Charlie Chaplin Geburtstag - Probleme\" alt=\"AnnamCara - Blog - Kuriose Tage - Charlie Chaplin Geburtstag - Probleme\" \t\tclass=\"so-widget-image\"\/>\n\t<\/div>\n\n<\/div><\/div><\/div><div id=\"pgc-9104-2-1\"  class=\"panel-grid-cell\" ><div id=\"panel-9104-2-1-0\" class=\"so-panel widget widget_sow-image panel-first-child panel-last-child\" data-index=\"4\" ><div\n\t\t\t\n\t\t\tclass=\"so-widget-sow-image so-widget-sow-image-default-8b5b6f678277-9104\"\n\t\t\t\n\t\t>\n<div class=\"sow-image-container\">\n\t\t<img \n\tsrc=\"https:\/\/annamcara.ch\/htm\/wp-content\/uploads\/AnnamCara-Blog-Charlie-Chaplin-Laecheln.jpg\" width=\"900\" height=\"600\" srcset=\"https:\/\/annamcara.ch\/htm\/wp-content\/uploads\/AnnamCara-Blog-Charlie-Chaplin-Laecheln.jpg 900w, https:\/\/annamcara.ch\/htm\/wp-content\/uploads\/AnnamCara-Blog-Charlie-Chaplin-Laecheln-300x200.jpg 300w, https:\/\/annamcara.ch\/htm\/wp-content\/uploads\/AnnamCara-Blog-Charlie-Chaplin-Laecheln-768x512.jpg 768w, https:\/\/annamcara.ch\/htm\/wp-content\/uploads\/AnnamCara-Blog-Charlie-Chaplin-Laecheln-272x182.jpg 272w\" sizes=\"(max-width: 706px) 89vw, (max-width: 767px) 82vw, 740px\" title=\"AnnamCara - Blog - Kuriose Tage - Charlie Chaplin Geburtstag - L\u00e4cheln\" alt=\"AnnamCara - Blog - Kuriose Tage - Charlie Chaplin Geburtstag - L\u00e4cheln\" \t\tclass=\"so-widget-image\"\/>\n\t<\/div>\n\n<\/div><\/div><\/div><\/div><div id=\"pg-9104-3\"  class=\"panel-grid panel-no-style\" ><div id=\"pgc-9104-3-0\"  class=\"panel-grid-cell\" ><div id=\"panel-9104-3-0-0\" class=\"so-panel widget widget_sow-editor panel-first-child panel-last-child\" data-index=\"5\" ><div\n\t\t\t\n\t\t\tclass=\"so-widget-sow-editor so-widget-sow-editor-base\"\n\t\t\t\n\t\t>\n<div class=\"siteorigin-widget-tinymce textwidget\">\n\t<p>Charlie Chaplin erz\u00e4hlte einst dem Publikum einen wunderbaren Witz und alle Leute fingen an zu lachen. . .<br \/>\nCharlie wiederholte den gleichen Witz und nur noch wenige Leute lachten.\u00a0Dann wiederholte er den gleichen Witz noch einmal, doch diesmal lachte niemand mehr... Stille und dann sagte er diese unvergesslichen Worte. . .<\/p>\n<p>\u00abWenn du nicht immer wieder \u00fcber denselben Witz lachen kannst, warum weinst du dann immer wieder \u00fcber dieselbe Sorge?\u00bb\u00a0<\/p>\n<p>Also geniessen wir jeden Moment unseres Lebens! Denn das Leben ist wundersch\u00f6n! <\/p>\n<p><span style=\"font-size: 0.7rem;\">(Beitrag kann unbezahlte und\/oder unbeauftragte Werbung wegen Namensnennung, Produkterkennung und\/oder Verlinkung enthalten.)<\/span><\/p>\n<p>Frei zum Thema:<br \/>\n<strong>Lache, im Hier und Jetzt. Weine, im Hier und Jetzt. Aber sorge dich nicht um Gestern oder Morgen. - Das Leben ist wundersch\u00f6n, lebe es mit all deinen Emotionen, geniesse es in vollen Z\u00fcgen und koste es bis zum letzten Moment aus. DAS ist LEBEN!<\/strong>  \u2665<\/p>\n<p>Herzlichst, Anna<\/p>\n<\/div>\n<\/div><\/div><\/div><\/div><\/div>","protected":false},"excerpt":{"rendered":"<p>132. Geburtstag Heute w\u00e4re Charlie Chaplin 132 Jahre alt, wenn er nicht am 25. Dezember 1977 gestorben w\u00e4re. Ein Grund f\u00fcr mich, ein Auge auf diesen aussergew\u00f6hnlichen Schauspieler zu werfen. Als ich mich selbst zu lieben begann Als ich mich selbst zu lieben begann, konnte ich erkennen, dass emotionaler Schmerz und Leid nur Warnungen f\u00fcr &hellip; <\/p>\n<p class=\"link-more\"><a href=\"https:\/\/annamcara.ch\/htm\/spez-tage\/charlie-chaplins-birthday\/\" class=\"more-link\"><span class=\"screen-reader-text\">\u201eCharlie Chaplins Geburtstag\u201c<\/span> weiterlesen<\/a><\/p>\n","protected":false},"author":1,"featured_media":0,"comment_status":"open","ping_status":"open","sticky":false,"template":"","format":"standard","meta":{"ngg_post_thumbnail":0,"footnotes":""},"categories":[409,45],"tags":[152,154,68,65,156,155,153],"class_list":["post-9104","post","type-post","status-publish","format-standard","hentry","category-409","category-spez-tage","tag-charlie-chaplin","tag-geburtstag","tag-hut","tag-kuriose-tage","tag-leben","tag-lieben","tag-zitate"],"_links":{"self":[{"href":"https:\/\/annamcara.ch\/htm\/wp-json\/wp\/v2\/posts\/9104","targetHints":{"allow":["GET"]}}],"collection":[{"href":"https:\/\/annamcara.ch\/htm\/wp-json\/wp\/v2\/posts"}],"about":[{"href":"https:\/\/annamcara.ch\/htm\/wp-json\/wp\/v2\/types\/post"}],"author":[{"embeddable":true,"href":"https:\/\/annamcara.ch\/htm\/wp-json\/wp\/v2\/users\/1"}],"replies":[{"embeddable":true,"href":"https:\/\/annamcara.ch\/htm\/wp-json\/wp\/v2\/comments?post=9104"}],"version-history":[{"count":37,"href":"https:\/\/annamcara.ch\/htm\/wp-json\/wp\/v2\/posts\/9104\/revisions"}],"predecessor-version":[{"id":9145,"href":"https:\/\/annamcara.ch\/htm\/wp-json\/wp\/v2\/posts\/9104\/revisions\/9145"}],"wp:attachment":[{"href":"https:\/\/annamcara.ch\/htm\/wp-json\/wp\/v2\/media?parent=9104"}],"wp:term":[{"taxonomy":"category","embeddable":true,"href":"https:\/\/annamcara.ch\/htm\/wp-json\/wp\/v2\/categories?post=9104"},{"taxonomy":"post_tag","embeddable":true,"href":"https:\/\/annamcara.ch\/htm\/wp-json\/wp\/v2\/tags?post=9104"}],"curies":[{"name":"wp","href":"https:\/\/api.w.org\/{rel}","templated":true}]}}