{"id":8966,"date":"2021-04-02T17:00:50","date_gmt":"2021-04-02T16:00:50","guid":{"rendered":"https:\/\/annamcara.ch\/htm\/?p=8966"},"modified":"2023-12-11T11:24:56","modified_gmt":"2023-12-11T10:24:56","slug":"karfreitag","status":"publish","type":"post","link":"https:\/\/annamcara.ch\/htm\/spez-tage\/karfreitag\/","title":{"rendered":"Karfreitag"},"content":{"rendered":"<div id=\"pl-8966\"  class=\"panel-layout\" ><div id=\"pg-8966-0\"  class=\"panel-grid panel-no-style\" ><div id=\"pgc-8966-0-0\"  class=\"panel-grid-cell\" ><div id=\"panel-8966-0-0-0\" class=\"so-panel widget widget_sow-editor panel-first-child\" data-index=\"0\" ><div\n\t\t\t\n\t\t\tclass=\"so-widget-sow-editor so-widget-sow-editor-base\"\n\t\t\t\n\t\t>\n<div class=\"siteorigin-widget-tinymce textwidget\">\n\t<h3>Das Osterwochenende<\/h3>\n<p>Heute ist Karfreitag. Der Einstieg ins Osterwochenende... f\u00fcr mich zumindest. Denn gestern zu Gr\u00fcndonnerstag konnte ich mich noch nicht so einstimmen. Ich hatte einen sehr intensiven und interessanten Weiterbildungstag, passend zum Thema Sterben und Tod.<br \/>\nDa wir die 8 Jahreskreisfesten feiern, haben wir \u00abAlban Eilir\u00bb (Ostara) bereits zur Fr\u00fchlings-Tagundnachtgleiche begangen. Und dennoch freuen und geniessen wir diese kommenden freien Ostertage...<\/p>\n<p><img decoding=\"async\" src=\"https:\/\/annamcara.ch\/htm\/wp-content\/uploads\/AnnamCara-Blog-Karfreitag-Titelbild.jpg\" alt=\"Anna'mCara-Blog - Kuriose Feiertage - Karfreitag - Ostertage\" width=\"100%\" height=\"100%\" align=\"center\" \/><\/p>\n<\/div>\n<\/div><\/div><div id=\"panel-8966-0-0-1\" class=\"so-panel widget widget_sow-editor panel-last-child\" data-index=\"1\" ><div\n\t\t\t\n\t\t\tclass=\"so-widget-sow-editor so-widget-sow-editor-base\"\n\t\t\t\n\t\t>\n<div class=\"siteorigin-widget-tinymce textwidget\">\n\t<h3>Ostara & Ostern<\/h3>\n<p>Viele der Br\u00e4uche zu \u00abAlban Eilir\u00bb, auch oft als Ostara bezeichnet, kennen wir auch als christliche Rituale zu Ostern. Auch hier spielt das Ei und der Hase eine zentrale Rolle, neben dem christlichen Hintergrund. Das Ei, als Zeichen der Geburt, Wiedergeburt, des Lebens... Und der Hase als treuer Begleiter der Fr\u00fchlingsg\u00f6ttin (dazu mehr im PDF zum entsprechenden <a href=\"https:\/\/annamcara.ch\/htm\/seminare\/jahreskreisfeste\/\" rel=\"noopener\" target=\"_blank\">Jahreskreisfest - \u00abAlban Eilir\u00bb<\/a>).<\/p>\n<p>Wir dekorieren meist unser Haus bereits 3 Tage vor der Fr\u00fchlings-Tagundnachtgleiche mit diesen Symbolen und richten unseren Hausaltar mit den 4 Elementen passend zu \u00abAlban Eilir\u00bb ein. Und dann zu den Ostertagen kommen die bunten Eier an die T\u00fcr und der \u00abOsterhase\u00bb zieht bei uns ein. \ud83d\ude09<\/p>\n<\/div>\n<\/div><\/div><\/div><\/div><div id=\"pg-8966-1\"  class=\"panel-grid panel-no-style\" ><div id=\"pgc-8966-1-0\"  class=\"panel-grid-cell\" ><div id=\"panel-8966-1-0-0\" class=\"so-panel widget widget_sow-image panel-first-child panel-last-child\" data-index=\"2\" ><div\n\t\t\t\n\t\t\tclass=\"so-widget-sow-image so-widget-sow-image-default-8b5b6f678277-8966\"\n\t\t\t\n\t\t><\/div><\/div><\/div><div id=\"pgc-8966-1-1\"  class=\"panel-grid-cell\" ><div id=\"panel-8966-1-1-0\" class=\"so-panel widget widget_sow-image panel-first-child panel-last-child\" data-index=\"3\" ><div\n\t\t\t\n\t\t\tclass=\"so-widget-sow-image so-widget-sow-image-default-8b5b6f678277-8966\"\n\t\t\t\n\t\t>\n<div class=\"sow-image-container\">\n\t\t<img \n\tsrc=\"https:\/\/annamcara.ch\/htm\/wp-content\/uploads\/AnnamCara-Blog-Karfreitag-FroheOstern.jpg\" width=\"900\" height=\"600\" srcset=\"https:\/\/annamcara.ch\/htm\/wp-content\/uploads\/AnnamCara-Blog-Karfreitag-FroheOstern.jpg 900w, https:\/\/annamcara.ch\/htm\/wp-content\/uploads\/AnnamCara-Blog-Karfreitag-FroheOstern-300x200.jpg 300w, https:\/\/annamcara.ch\/htm\/wp-content\/uploads\/AnnamCara-Blog-Karfreitag-FroheOstern-768x512.jpg 768w, https:\/\/annamcara.ch\/htm\/wp-content\/uploads\/AnnamCara-Blog-Karfreitag-FroheOstern-272x182.jpg 272w\" sizes=\"(max-width: 706px) 89vw, (max-width: 767px) 82vw, 740px\" title=\"AnnamCara - Blog - Kuriose Tage - Karfreitag - Ostertage - Frohe Ostern\" alt=\"AnnamCara - Blog - Kuriose Tage - Karfreitag - Ostertage - Frohe Ostern\" \t\tclass=\"so-widget-image\"\/>\n\t<\/div>\n\n<\/div><\/div><\/div><\/div><div id=\"pg-8966-2\"  class=\"panel-grid panel-no-style\" ><div id=\"pgc-8966-2-0\"  class=\"panel-grid-cell\" ><div id=\"panel-8966-2-0-0\" class=\"so-panel widget widget_sow-editor panel-first-child panel-last-child\" data-index=\"4\" ><div\n\t\t\t\n\t\t\tclass=\"so-widget-sow-editor so-widget-sow-editor-base\"\n\t\t\t\n\t\t>\n<div class=\"siteorigin-widget-tinymce textwidget\">\n\t<p>Ich w\u00fcnsche euch von Herzen wundersch\u00f6ne Ostertage, geniesst das Beisammensein. Freut euch \u00fcber die Fr\u00fchlingstage und lasst es euch einfach gut gehen.<\/p>\n<p><span style=\"font-size: 0.7rem;\">(Beitrag kann unbezahlte und\/oder unbeauftragte Werbung wegen Namensnennung, Produkterkennung und\/oder Verlinkung enthalten.)<\/span><\/p>\n<p>Bleibt gesund und munter.  \u2665<\/p>\n<p>Herzlichst, Anna<\/p>\n<\/div>\n<\/div><\/div><\/div><\/div><\/div>","protected":false},"excerpt":{"rendered":"<p>Das Osterwochenende Heute ist Karfreitag. Der Einstieg ins Osterwochenende&#8230; f\u00fcr mich zumindest. Denn gestern zu Gr\u00fcndonnerstag konnte ich mich noch nicht so einstimmen. Ich hatte einen sehr intensiven und interessanten Weiterbildungstag, passend zum Thema Sterben und Tod. Da wir die 8 Jahreskreisfesten feiern, haben wir \u00abAlban Eilir\u00bb (Ostara) bereits zur Fr\u00fchlings-Tagundnachtgleiche begangen. Und dennoch freuen &hellip; <\/p>\n<p class=\"link-more\"><a href=\"https:\/\/annamcara.ch\/htm\/spez-tage\/karfreitag\/\" class=\"more-link\"><span class=\"screen-reader-text\">\u201eKarfreitag\u201c<\/span> weiterlesen<\/a><\/p>\n","protected":false},"author":1,"featured_media":0,"comment_status":"open","ping_status":"open","sticky":false,"template":"","format":"standard","meta":{"ngg_post_thumbnail":0,"footnotes":""},"categories":[409,45],"tags":[67,68,76,77,69,65,75],"class_list":["post-8966","post","type-post","status-publish","format-standard","hentry","category-409","category-spez-tage","tag-diy","tag-hut","tag-hutschachteln","tag-kopf","tag-kopfbedeckung","tag-kuriose-tage","tag-schenken"],"_links":{"self":[{"href":"https:\/\/annamcara.ch\/htm\/wp-json\/wp\/v2\/posts\/8966","targetHints":{"allow":["GET"]}}],"collection":[{"href":"https:\/\/annamcara.ch\/htm\/wp-json\/wp\/v2\/posts"}],"about":[{"href":"https:\/\/annamcara.ch\/htm\/wp-json\/wp\/v2\/types\/post"}],"author":[{"embeddable":true,"href":"https:\/\/annamcara.ch\/htm\/wp-json\/wp\/v2\/users\/1"}],"replies":[{"embeddable":true,"href":"https:\/\/annamcara.ch\/htm\/wp-json\/wp\/v2\/comments?post=8966"}],"version-history":[{"count":9,"href":"https:\/\/annamcara.ch\/htm\/wp-json\/wp\/v2\/posts\/8966\/revisions"}],"predecessor-version":[{"id":8979,"href":"https:\/\/annamcara.ch\/htm\/wp-json\/wp\/v2\/posts\/8966\/revisions\/8979"}],"wp:attachment":[{"href":"https:\/\/annamcara.ch\/htm\/wp-json\/wp\/v2\/media?parent=8966"}],"wp:term":[{"taxonomy":"category","embeddable":true,"href":"https:\/\/annamcara.ch\/htm\/wp-json\/wp\/v2\/categories?post=8966"},{"taxonomy":"post_tag","embeddable":true,"href":"https:\/\/annamcara.ch\/htm\/wp-json\/wp\/v2\/tags?post=8966"}],"curies":[{"name":"wp","href":"https:\/\/api.w.org\/{rel}","templated":true}]}}