{"id":8412,"date":"2021-03-08T18:00:16","date_gmt":"2021-03-08T17:00:16","guid":{"rendered":"https:\/\/annamcara.ch\/htm\/?p=8412"},"modified":"2023-12-11T11:25:17","modified_gmt":"2023-12-11T10:25:17","slug":"110-weltfrauentag","status":"publish","type":"post","link":"https:\/\/annamcara.ch\/htm\/spez-tage\/110-weltfrauentag\/","title":{"rendered":"110. Weltfrauentag"},"content":{"rendered":"<div id=\"pl-8412\"  class=\"panel-layout\" ><div id=\"pg-8412-0\"  class=\"panel-grid panel-no-style\" ><div id=\"pgc-8412-0-0\"  class=\"panel-grid-cell\" ><div id=\"panel-8412-0-0-0\" class=\"so-panel widget widget_sow-editor panel-first-child\" data-index=\"0\" ><div\n\t\t\t\n\t\t\tclass=\"so-widget-sow-editor so-widget-sow-editor-base\"\n\t\t\t\n\t\t>\n<div class=\"siteorigin-widget-tinymce textwidget\">\n\t<h3>Achtsames Mit-Ein-Ander<\/h3>\n<p>Mit-Ein-Ander - Ein Wort, dass wir so h\u00e4ufig benutzen, doch sind wir uns der Wortbedeutung, der tiefen Botschaft bewusst?<br \/>\n<strong>Mit<\/strong> - heisst gemeinsam, <strong>Ein<\/strong> - ein Mensch, z.B. ich und <strong>Ander<\/strong> - das ist mein Gegen\u00fcber, der andere Mensch, die anderen Menschen. Und so entsteht ein <strong>Miteinander<\/strong>. In dem wir uns gegenseitig die H\u00e4nde reichen und <strong>f\u00fcreinander<\/strong> da sind. <strong>Zueinander<\/strong> schauen. <strong>Beieinander<\/strong> sind.<\/p>\n<p>Was gibt es also sch\u00f6neres, als an einem solch ehrw\u00fcrdigen Tag wie heute, dem <strong>110. WELT-FRAUEN-TAG<\/strong>, die <strong>Schwesternschaft<\/strong>, das <strong>Weibliche<\/strong>, die grosse <strong>G\u00f6ttin<\/strong> in jeder von uns und nat\u00fcrlich auch <strong>Mama Erde<\/strong> zu feiern!<\/p>\n<p><img decoding=\"async\" src=\"https:\/\/annamcara.ch\/htm\/wp-content\/uploads\/AnnamCara-Blog-Weltfauentag-Anna-Trommeln.jpg\" alt=\"Anna'mCara-Blog - Kuriose Feiertage - 110. Weltfrauentag - Anna trommelt f\u00fcr Frieden\" width=\"100%\" height=\"100%\" align=\"center\"\/><\/p>\n<p><span style=\"font-size: 0.7rem;\">Tiara mit Amethyst von <a title=\"Link zur Seite von Patrizia Stabile\" href=\"https:\/\/web.facebook.com\/groups\/Handmadewerkstatt\/\" target=\"_blank\" rel=\"noopener\">Patrizia Stabile<\/a> - eine wahre Seelenschmuck-K\u00fcnstlerin.<\/span><\/p>\n<\/div>\n<\/div><\/div><div id=\"panel-8412-0-0-1\" class=\"so-panel widget widget_sow-editor panel-last-child\" data-index=\"1\" ><div\n\t\t\t\n\t\t\tclass=\"so-widget-sow-editor so-widget-sow-editor-base\"\n\t\t\t\n\t\t>\n<div class=\"siteorigin-widget-tinymce textwidget\">\n\t<h3>Jede auf IHREM Platz<\/h3>\n<p>Ein wundervoller Tag um gemeinsam zu wirken, gemeinsam f\u00fcr ein friedvolles Miteinander einzustehen. Ein Tag an dem wir unser Schwesternsein leben k\u00f6nnen. <strong>WIR<\/strong> brauchen ein <strong>ZUSAMMEN <\/strong>und ein <strong>GEMEINSAM<\/strong>.<br \/>\nLasst uns, eine jede auf ihrem Platz, kraftvoll und gemeinsam Einstehen, f\u00fcr unsere Selbsterm\u00e4chtigung und den Frieden in uns uns im Aussen, zu unserem h\u00f6chsten Wohl, dem Wohle aller und f\u00fcr Mama Erde! Reichen wir uns virtuell die Hand, stehen wir auf und kommen wir in unsere volle KRAFT.<\/p>\n<h3>Schwesternschaft - Frauenkraft - Weibliche Verbundenheit<\/h3>\n<p>Dazu hab ich im Netz folgende Bilder gefunden, die mich sehr ber\u00fchrt haben. Mich an eine Zeit der tiefen Verbundenheit zu unserer Schwesternschaft erinnern liessen, eine Zeit in der wir den Neid nicht so kannten, wie er heute unter uns Frauen herrscht. Bilder, die f\u00fcr mich diese tiefe Energie des Ahnenwissens, der weiblichen Kraft und Energie sowie das Einnehmen einer Jeden des eigenen g\u00f6ttlichen Platzes versinnbildlichen.<\/p>\n<p><span style=\"font-size: 0.7rem;\"><a title=\"Link zur Webseite - Webshop von Claudia Tremblay\" href=\"https:\/\/www.claudiatremblay.com\/shop\" target=\"_blank\" rel=\"noopener\">Claudia Tremblay<\/a> - eine wundervolle K\u00fcnstlerin, die f\u00fcr mich diese tiefe Weiblichkeit, unsere Verbundenheit und unser Sein, in einer so liebevollen Art &amp; Weise darstellt und Versinnbildlicht.<\/span><\/p>\n<\/div>\n<\/div><\/div><\/div><\/div><div id=\"pg-8412-1\"  class=\"panel-grid panel-no-style\" ><div id=\"pgc-8412-1-0\"  class=\"panel-grid-cell\" ><div id=\"panel-8412-1-0-0\" class=\"so-panel widget widget_sow-image panel-first-child panel-last-child\" data-index=\"2\" ><div\n\t\t\t\n\t\t\tclass=\"so-widget-sow-image so-widget-sow-image-default-8b5b6f678277-8412\"\n\t\t\t\n\t\t>\n<div class=\"sow-image-container\">\n\t\t<img \n\tsrc=\"https:\/\/annamcara.ch\/htm\/wp-content\/uploads\/AnnamCara-Weltfrauentag-Aufruf-Gemeinschaft.jpg\" width=\"900\" height=\"600\" srcset=\"https:\/\/annamcara.ch\/htm\/wp-content\/uploads\/AnnamCara-Weltfrauentag-Aufruf-Gemeinschaft.jpg 900w, https:\/\/annamcara.ch\/htm\/wp-content\/uploads\/AnnamCara-Weltfrauentag-Aufruf-Gemeinschaft-300x200.jpg 300w, https:\/\/annamcara.ch\/htm\/wp-content\/uploads\/AnnamCara-Weltfrauentag-Aufruf-Gemeinschaft-768x512.jpg 768w, https:\/\/annamcara.ch\/htm\/wp-content\/uploads\/AnnamCara-Weltfrauentag-Aufruf-Gemeinschaft-272x182.jpg 272w\" sizes=\"(max-width: 706px) 89vw, (max-width: 767px) 82vw, 740px\" title=\"AnnamCara - Blog - Kuriose Tage - 110. Weltfrauentag - Gemeinschaft\" alt=\"AnnamCara - Blog - Kuriose Tage - 110. Weltfrauentag - Gemeinschaft\" \t\tclass=\"so-widget-image\"\/>\n\t<\/div>\n\n<\/div><\/div><\/div><div id=\"pgc-8412-1-1\"  class=\"panel-grid-cell\" ><div id=\"panel-8412-1-1-0\" class=\"so-panel widget widget_sow-image panel-first-child panel-last-child\" data-index=\"3\" ><div\n\t\t\t\n\t\t\tclass=\"so-widget-sow-image so-widget-sow-image-default-8b5b6f678277-8412\"\n\t\t\t\n\t\t>\n<div class=\"sow-image-container\">\n\t\t<img \n\tsrc=\"https:\/\/annamcara.ch\/htm\/wp-content\/uploads\/AnnamCara-Weltfrauentag-Aufruf-Schwesternschaft.jpg\" width=\"900\" height=\"600\" srcset=\"https:\/\/annamcara.ch\/htm\/wp-content\/uploads\/AnnamCara-Weltfrauentag-Aufruf-Schwesternschaft.jpg 900w, https:\/\/annamcara.ch\/htm\/wp-content\/uploads\/AnnamCara-Weltfrauentag-Aufruf-Schwesternschaft-300x200.jpg 300w, https:\/\/annamcara.ch\/htm\/wp-content\/uploads\/AnnamCara-Weltfrauentag-Aufruf-Schwesternschaft-768x512.jpg 768w, https:\/\/annamcara.ch\/htm\/wp-content\/uploads\/AnnamCara-Weltfrauentag-Aufruf-Schwesternschaft-272x182.jpg 272w\" sizes=\"(max-width: 706px) 89vw, (max-width: 767px) 82vw, 740px\" title=\"AnnamCara - Blog - Kuriose Tage - 110. Weltfrauentag - Schwesternschaft\" alt=\"AnnamCara - Blog - Kuriose Tage - 110. Weltfrauentag - Schwesternschaft\" \t\tclass=\"so-widget-image\"\/>\n\t<\/div>\n\n<\/div><\/div><\/div><\/div><div id=\"pg-8412-2\"  class=\"panel-grid panel-no-style\" ><div id=\"pgc-8412-2-0\"  class=\"panel-grid-cell\" ><div id=\"panel-8412-2-0-0\" class=\"so-panel widget widget_sow-editor panel-first-child panel-last-child\" data-index=\"4\" ><div\n\t\t\t\n\t\t\tclass=\"so-widget-sow-editor so-widget-sow-editor-base\"\n\t\t\t\n\t\t>\n<div class=\"siteorigin-widget-tinymce textwidget\">\n\t<h3>Mein pers\u00f6nlicher Weltfrauentag<\/h3>\n<p>Am heutigen Tag der Frauen war ich an meinen Lieblingsplatz im Wald und habe eine Despacho-Zeremonie gemacht. Die Q\u2019ero-Schamanen aus den Anden Perus legen w\u00e4hrend der Despacho-Zeremonie ein Mandala aus Naturmaterialien, in dem werden Pachamama (Mama Erde) und den Naturwesen Opfergaben dargebracht. Damit schaffen wir einen Ausgleich zwischen Geben und Nehmen. Diese Erdzeremonie widme ich dem weiblichen Feld, welches uns alle verbindet und bitte Mama Erde um Heilung, um Kraft und um Achtsamkeit.<br \/>\nAusserdem brennt seit heute morgen fr\u00fch das Feuer in Form einer Kerze (ein Geschenk meiner Schw\u00e4gerin - weibliche Energie). Das Feuer brennt nicht nur f\u00fcr die Transformation von allem Negativen ins Positive, es soll gerade heute f\u00fcr das Feuer in uns stehen. F\u00fcr unsere innere Kraft und f\u00fcr all das, wof\u00fcr wir und unsere Seele brennen... Es soll uns Licht schenken, damit wir unseren tiefen Schatten sicher begegnen k\u00f6nnen und es soll uns immer unseren pers\u00f6nlichen Weg leuchten.<br \/>\n<strong>Ver\u00e4ndern wir die eigene Welt - ver\u00e4ndern wir die ganze Welt.<\/strong><\/p>\n<\/div>\n<\/div><\/div><\/div><\/div><div id=\"pg-8412-3\"  class=\"panel-grid panel-no-style\" ><div id=\"pgc-8412-3-0\"  class=\"panel-grid-cell\" ><div id=\"panel-8412-3-0-0\" class=\"so-panel widget widget_sow-image panel-first-child panel-last-child\" data-index=\"5\" ><div\n\t\t\t\n\t\t\tclass=\"so-widget-sow-image so-widget-sow-image-default-8b5b6f678277-8412\"\n\t\t\t\n\t\t>\n<div class=\"sow-image-container\">\n\t\t<img \n\tsrc=\"https:\/\/annamcara.ch\/htm\/wp-content\/uploads\/AnnamCara-Weltfrauentag-Aufruf-Feuer.jpg\" width=\"900\" height=\"600\" srcset=\"https:\/\/annamcara.ch\/htm\/wp-content\/uploads\/AnnamCara-Weltfrauentag-Aufruf-Feuer.jpg 900w, https:\/\/annamcara.ch\/htm\/wp-content\/uploads\/AnnamCara-Weltfrauentag-Aufruf-Feuer-300x200.jpg 300w, https:\/\/annamcara.ch\/htm\/wp-content\/uploads\/AnnamCara-Weltfrauentag-Aufruf-Feuer-768x512.jpg 768w, https:\/\/annamcara.ch\/htm\/wp-content\/uploads\/AnnamCara-Weltfrauentag-Aufruf-Feuer-272x182.jpg 272w\" sizes=\"(max-width: 706px) 89vw, (max-width: 767px) 82vw, 740px\" title=\"AnnamCara - Blog - Kuriose Tage - 110. Weltfrauentag - Inneres Feuer\" alt=\"AnnamCara - Blog - Kuriose Tage - 110. Weltfrauentag - Inneres Feuer\" \t\tclass=\"so-widget-image\"\/>\n\t<\/div>\n\n<\/div><\/div><\/div><div id=\"pgc-8412-3-1\"  class=\"panel-grid-cell\" ><div id=\"panel-8412-3-1-0\" class=\"so-panel widget widget_sow-image panel-first-child panel-last-child\" data-index=\"6\" ><div\n\t\t\t\n\t\t\tclass=\"so-widget-sow-image so-widget-sow-image-default-8b5b6f678277-8412\"\n\t\t\t\n\t\t>\n<div class=\"sow-image-container\">\n\t\t<img \n\tsrc=\"https:\/\/annamcara.ch\/htm\/wp-content\/uploads\/AnnamCara-Weltfrauentag-Aufruf-Tanzen.jpg\" width=\"900\" height=\"600\" srcset=\"https:\/\/annamcara.ch\/htm\/wp-content\/uploads\/AnnamCara-Weltfrauentag-Aufruf-Tanzen.jpg 900w, https:\/\/annamcara.ch\/htm\/wp-content\/uploads\/AnnamCara-Weltfrauentag-Aufruf-Tanzen-300x200.jpg 300w, https:\/\/annamcara.ch\/htm\/wp-content\/uploads\/AnnamCara-Weltfrauentag-Aufruf-Tanzen-768x512.jpg 768w, https:\/\/annamcara.ch\/htm\/wp-content\/uploads\/AnnamCara-Weltfrauentag-Aufruf-Tanzen-272x182.jpg 272w\" sizes=\"(max-width: 706px) 89vw, (max-width: 767px) 82vw, 740px\" title=\"AnnamCara - Blog - Kuriose Tage - 110. Weltfrauentag - Tanzen\" alt=\"AnnamCara - Blog - Kuriose Tage - 110. Weltfrauentag - Tanzen\" \t\tclass=\"so-widget-image\"\/>\n\t<\/div>\n\n<\/div><\/div><\/div><\/div><div id=\"pg-8412-4\"  class=\"panel-grid panel-no-style\" ><div id=\"pgc-8412-4-0\"  class=\"panel-grid-cell\" ><div id=\"panel-8412-4-0-0\" class=\"so-panel widget widget_sow-editor panel-first-child panel-last-child\" data-index=\"7\" ><div\n\t\t\t\n\t\t\tclass=\"so-widget-sow-editor so-widget-sow-editor-base\"\n\t\t\t\n\t\t>\n<div class=\"siteorigin-widget-tinymce textwidget\">\n\t<p><strong>Tanzen ist wie tr\u00e4umen mit den F\u00fcssen - also lasst uns GEMEINSAM tr\u00e4umen!<\/strong><br \/>\n\u00abVerbinden wir uns, lieben wir einander, stehen wir hintereinander, gehen wir gemeinsam und sind wir bedingungslos da f\u00fcreinander - damit wir k\u00fcnftig miteinander noch viel st\u00e4rker sind!\u00bb \u2665<\/p>\n<\/div>\n<\/div><\/div><\/div><\/div><div id=\"pg-8412-5\"  class=\"panel-grid panel-no-style\" ><div id=\"pgc-8412-5-0\"  class=\"panel-grid-cell\" ><div id=\"panel-8412-5-0-0\" class=\"so-panel widget widget_sow-editor panel-first-child panel-last-child\" data-index=\"8\" ><div\n\t\t\t\n\t\t\tclass=\"so-widget-sow-editor so-widget-sow-editor-base\"\n\t\t\t\n\t\t>\n<div class=\"siteorigin-widget-tinymce textwidget\">\n\t<p>Und lasst uns nicht vergessen, es ist nicht nur einmal im Jahr Welt-Frauentag. F\u00fcr dich und mich, f\u00fcr uns alle, ist immer Frauentag, weil wir uns Halt geben, achtsam zu einander und weil wir Mit-Ein-Ander sind!<\/p>\n<p><span style=\"font-size: 0.7rem;\">(Beitrag kann unbezahlte und\/oder unbeauftragte Werbung wegen Namensnennung, Produkterkennung und\/oder Verlinkung enthalten.)<\/span><\/p>\n<p>Auf euch, ihr alle meine Schwestern, auf unser SEIN und unser WISSEN! Hand in Hand, und von \u2665 zu \u2665.<\/p>\n<p>Herzlichst, Anna<\/p>\n<\/div>\n<\/div><\/div><\/div><\/div><\/div>","protected":false},"excerpt":{"rendered":"<p>Achtsames Mit-Ein-Ander Mit-Ein-Ander &#8211; Ein Wort, dass wir so h\u00e4ufig benutzen, doch sind wir uns der Wortbedeutung, der tiefen Botschaft bewusst? Mit &#8211; heisst gemeinsam, Ein &#8211; ein Mensch, z.B. ich und Ander &#8211; das ist mein Gegen\u00fcber, der andere Mensch, die anderen Menschen. Und so entsteht ein Miteinander. In dem wir uns gegenseitig die &hellip; <\/p>\n<p class=\"link-more\"><a href=\"https:\/\/annamcara.ch\/htm\/spez-tage\/110-weltfrauentag\/\" class=\"more-link\"><span class=\"screen-reader-text\">\u201e110. Weltfrauentag\u201c<\/span> weiterlesen<\/a><\/p>\n","protected":false},"author":1,"featured_media":0,"comment_status":"open","ping_status":"open","sticky":false,"template":"","format":"standard","meta":{"ngg_post_thumbnail":0,"footnotes":""},"categories":[409,45],"tags":[67,68,76,77,69,65,75],"class_list":["post-8412","post","type-post","status-publish","format-standard","hentry","category-409","category-spez-tage","tag-diy","tag-hut","tag-hutschachteln","tag-kopf","tag-kopfbedeckung","tag-kuriose-tage","tag-schenken"],"_links":{"self":[{"href":"https:\/\/annamcara.ch\/htm\/wp-json\/wp\/v2\/posts\/8412","targetHints":{"allow":["GET"]}}],"collection":[{"href":"https:\/\/annamcara.ch\/htm\/wp-json\/wp\/v2\/posts"}],"about":[{"href":"https:\/\/annamcara.ch\/htm\/wp-json\/wp\/v2\/types\/post"}],"author":[{"embeddable":true,"href":"https:\/\/annamcara.ch\/htm\/wp-json\/wp\/v2\/users\/1"}],"replies":[{"embeddable":true,"href":"https:\/\/annamcara.ch\/htm\/wp-json\/wp\/v2\/comments?post=8412"}],"version-history":[{"count":53,"href":"https:\/\/annamcara.ch\/htm\/wp-json\/wp\/v2\/posts\/8412\/revisions"}],"predecessor-version":[{"id":8470,"href":"https:\/\/annamcara.ch\/htm\/wp-json\/wp\/v2\/posts\/8412\/revisions\/8470"}],"wp:attachment":[{"href":"https:\/\/annamcara.ch\/htm\/wp-json\/wp\/v2\/media?parent=8412"}],"wp:term":[{"taxonomy":"category","embeddable":true,"href":"https:\/\/annamcara.ch\/htm\/wp-json\/wp\/v2\/categories?post=8412"},{"taxonomy":"post_tag","embeddable":true,"href":"https:\/\/annamcara.ch\/htm\/wp-json\/wp\/v2\/tags?post=8412"}],"curies":[{"name":"wp","href":"https:\/\/api.w.org\/{rel}","templated":true}]}}