{"id":6561,"date":"2021-01-15T17:00:49","date_gmt":"2021-01-15T16:00:49","guid":{"rendered":"https:\/\/annamcara.ch\/htm\/?p=6561"},"modified":"2023-04-03T13:36:02","modified_gmt":"2023-04-03T12:36:02","slug":"tag-des-hutes-in-usa","status":"publish","type":"post","link":"https:\/\/annamcara.ch\/htm\/spez-tage\/tag-des-hutes-in-usa\/","title":{"rendered":"Tag des Hutes in USA"},"content":{"rendered":"<div id=\"pl-6561\"  class=\"panel-layout\" ><div id=\"pg-6561-0\"  class=\"panel-grid panel-no-style\" ><div id=\"pgc-6561-0-0\"  class=\"panel-grid-cell\" ><div id=\"panel-6561-0-0-0\" class=\"so-panel widget widget_sow-editor panel-first-child\" data-index=\"0\" ><div\n\t\t\t\n\t\t\tclass=\"so-widget-sow-editor so-widget-sow-editor-base\"\n\t\t\t\n\t\t>\n<div class=\"siteorigin-widget-tinymce textwidget\">\n\t<h3>National Hat Day<\/h3>\n<p>Der heutige Tag steht ganz im Zeichen der modischen Kopfbedeckungen. Da ich H\u00fcte liebe ist dies f\u00fcr mich Grund genug, Euch mit diesem Blog-Beitrag etwas in die Welt der kuriosen Feiertage zu entf\u00fchren und euch die Sache \"Hut\" bzw. \"Kopfbedeckung\" etwas n\u00e4her zu bringen.<\/p>\n<p><img decoding=\"async\" src=\"https:\/\/annamcara.ch\/htm\/wp-content\/uploads\/AnnamCara-Blog-Kurios-Tag-des-Hutes-Anna.jpg\" alt=\"Anna'mCara-Blog - Kuriose Feiertage - Tag des Hutes in den USA - Anna\" width=\"100%\" height=\"100%\" align=\"center\" \/><\/p>\n<\/div>\n<\/div><\/div><div id=\"panel-6561-0-0-1\" class=\"so-panel widget widget_sow-editor panel-last-child\" data-index=\"1\" ><div\n\t\t\t\n\t\t\tclass=\"so-widget-sow-editor so-widget-sow-editor-base\"\n\t\t\t\n\t\t>\n<div class=\"siteorigin-widget-tinymce textwidget\">\n\t<h3>Kopfbedeckung - Accessoire - Schutz<\/h3>\n<p>Wie gesagt, ich liebe H\u00fcte. Trage diese als modisches Accessoire, aber nicht nur. Denn nat\u00fcrlich hat so ein Hut weit mehr zu bieten, als nur sch\u00f6n zu sein. Er sch\u00fctzt unseren Kopf vor Wind, Wetter und zu viel Sonne. Entsprechend ist unser toller Begleiter f\u00fcr alle Wetterlagen in unz\u00e4hligen Formen, Farben, Materialien und Ausf\u00fchrungen erh\u00e4ltlich. So findet er f\u00fcr alle Lebenslagen Anh\u00e4nger, die sich seiner erfreuen!<br \/>\nSo z.B. mich \u2665 - Denn ein Hut ist eben immer mehr, als NUR ein \"alter Hut\"! <\/p>\n<\/div>\n<\/div><\/div><\/div><\/div><div id=\"pg-6561-1\"  class=\"panel-grid panel-no-style\" ><div id=\"pgc-6561-1-0\"  class=\"panel-grid-cell\" ><div id=\"panel-6561-1-0-0\" class=\"so-panel widget widget_sow-image panel-first-child panel-last-child\" data-index=\"2\" ><div\n\t\t\t\n\t\t\tclass=\"so-widget-sow-image so-widget-sow-image-default-8b5b6f678277-6561\"\n\t\t\t\n\t\t>\n<div class=\"sow-image-container\">\n\t\t<img \n\tsrc=\"https:\/\/annamcara.ch\/htm\/wp-content\/uploads\/AnnamCara-Blog-Tag-des-Hutes-Schachteln.jpg\" width=\"600\" height=\"900\" srcset=\"https:\/\/annamcara.ch\/htm\/wp-content\/uploads\/AnnamCara-Blog-Tag-des-Hutes-Schachteln.jpg 600w, https:\/\/annamcara.ch\/htm\/wp-content\/uploads\/AnnamCara-Blog-Tag-des-Hutes-Schachteln-200x300.jpg 200w\" sizes=\"(max-width: 600px) 100vw, 600px\" title=\"Anna&#039;mCara-Blog - Kuriose Feiertage - Tag des Hutes in den USA - Hutschachteln\" alt=\"Anna&#039;mCara-Blog - Kuriose Feiertage - Tag des Hutes in den USA - Hutschachteln\" \t\tclass=\"so-widget-image\"\/>\n\t<\/div>\n\n<\/div><\/div><\/div><div id=\"pgc-6561-1-1\"  class=\"panel-grid-cell\" ><div id=\"panel-6561-1-1-0\" class=\"so-panel widget widget_sow-editor panel-first-child\" data-index=\"3\" ><div\n\t\t\t\n\t\t\tclass=\"so-widget-sow-editor so-widget-sow-editor-base\"\n\t\t\t\n\t\t>\n<div class=\"siteorigin-widget-tinymce textwidget\">\n\t<h3>Der Amerikanische \"National Hat Day\"<\/h3>\n<p>In den USA steht der heutige Tag ganz im Zeichen der Kopfbedeckung und wird als nationaler Feiertag \"Tag des Hutes\" oder eben in englisch \"National Hat Day\" gefeiert. <\/p>\n<p>Leider finden sich weder zur Entstehung noch zum Brauchtum verl\u00e4ssliche Dokumentationen. <\/p>\n<p>Doch in Amerika wird dieser Tag gefeiert, in dem man sich z.B. selber einen neuen Hut schenkt, sich mit einem beschenken l\u00e4sst, oder in der Familie lustige H\u00fcte aus buntem Bastelpapier anfertigt. So oder so geht man an diesem Tag auf gar keinen Fall \"OBEN OHNE\"...<\/p>\n<\/div>\n<\/div><\/div><div id=\"panel-6561-1-1-1\" class=\"so-panel widget widget_sow-editor\" data-index=\"4\" ><div\n\t\t\t\n\t\t\tclass=\"so-widget-sow-editor so-widget-sow-editor-base\"\n\t\t\t\n\t\t>\n<div class=\"siteorigin-widget-tinymce textwidget\">\n\t<p><\/p>\n<\/div>\n<\/div><\/div><div id=\"panel-6561-1-1-2\" class=\"so-panel widget widget_sow-editor panel-last-child\" data-index=\"5\" ><div\n\t\t\t\n\t\t\tclass=\"so-widget-sow-editor so-widget-sow-editor-base\"\n\t\t\t\n\t\t>\n<div class=\"siteorigin-widget-tinymce textwidget\">\n\t<h3>Weitere Hut-Tage<\/h3>\n<ul>\n<li>15. Mai - <strong>Tag des Strohhuts<\/strong><br \/>\n(engl. Straw Hat Day) - England.<\/li>\n<li>15. September - <strong>Tag des Filzhuts<\/strong><br \/>\n(engl. National Felt Hat Day) - England.<\/li>\n<li>25. November - <strong> Internationale Tag des Hutes<\/strong><br \/>\n(Deutschland k\u00fcrt j\u00e4hrlich \"Huttr\u00e4ger\/in des Jahres\")<\/li>\n<li>30. November - <strong>Tag der blauen M\u00fctze<\/strong><br \/>\n(Blue Beanie Day) - England.<\/li>\n<\/ul>\n<\/div>\n<\/div><\/div><\/div><\/div><div id=\"pg-6561-2\"  class=\"panel-grid panel-no-style\" ><div id=\"pgc-6561-2-0\"  class=\"panel-grid-cell\" ><div id=\"panel-6561-2-0-0\" class=\"so-panel widget widget_sow-editor panel-first-child\" data-index=\"6\" ><div\n\t\t\t\n\t\t\tclass=\"so-widget-sow-editor so-widget-sow-editor-base\"\n\t\t\t\n\t\t>\n<div class=\"siteorigin-widget-tinymce textwidget\">\n\t<h3>Mein \"Tag des Hutes\"<\/h3>\n<p>Ich trage wirklich viel zu wenig HUT. Trotzdem w\u00fcnschte ich mir schon so lange eine geb\u00fchrende Aufbewahrung f\u00fcr meine Schmuckst\u00fccke. So feiere ich heute diesen Tag mit einem Hut auf dem Kopf und schenke mir diese wundervollen Hutschachteln, die den Weg aus dem hohen Norden zu mir gefunden haben und von heute an zwei meiner liebsten Kopfbedeckungen beherbergen \u2665 Bin ganz hin und weg.<\/p>\n<\/div>\n<\/div><\/div><div id=\"panel-6561-2-0-1\" class=\"so-panel widget widget_sow-editor panel-last-child\" data-index=\"7\" ><div\n\t\t\t\n\t\t\tclass=\"so-widget-sow-editor so-widget-sow-editor-base\"\n\t\t\t\n\t\t>\n<div class=\"siteorigin-widget-tinymce textwidget\">\n\t<p>So oder so, ob Ihr mit Hut oder ohne Hut unterwegs seid, auch ganz egal wie Ihr diesen Tag feiert oder begeht, achtet stets auf eine KLAREN Kopf \ud83d\ude09<\/p>\n<p><span style=\"font-size: 0.7rem;\">(Beitrag kann unbezahlte und\/oder unbeauftragte Werbung wegen Namensnennung, Produkterkennung und\/oder Verlinkung enthalten.)<\/span><\/p>\n<p>In diesem Sinne w\u00fcnsche ich Euch einen warm-wohlig kopfbedeckter Hut-Tag.<br \/>\nEnde gut - alles Hut \u2665<\/p>\n<p>Herzlichst, Anna<\/p>\n<\/div>\n<\/div><\/div><\/div><\/div><\/div>","protected":false},"excerpt":{"rendered":"<p>National Hat Day Der heutige Tag steht ganz im Zeichen der modischen Kopfbedeckungen. Da ich H\u00fcte liebe ist dies f\u00fcr mich Grund genug, Euch mit diesem Blog-Beitrag etwas in die Welt der kuriosen Feiertage zu entf\u00fchren und euch die Sache &#8222;Hut&#8220; bzw. &#8222;Kopfbedeckung&#8220; etwas n\u00e4her zu bringen. Kopfbedeckung &#8211; Accessoire &#8211; Schutz Wie gesagt, ich &hellip; <\/p>\n<p class=\"link-more\"><a href=\"https:\/\/annamcara.ch\/htm\/spez-tage\/tag-des-hutes-in-usa\/\" class=\"more-link\"><span class=\"screen-reader-text\">\u201eTag des Hutes in USA\u201c<\/span> weiterlesen<\/a><\/p>\n","protected":false},"author":2,"featured_media":0,"comment_status":"open","ping_status":"open","sticky":false,"template":"","format":"standard","meta":{"ngg_post_thumbnail":0,"footnotes":""},"categories":[409,45],"tags":[67,68,76,77,69,65,75],"class_list":["post-6561","post","type-post","status-publish","format-standard","hentry","category-409","category-spez-tage","tag-diy","tag-hut","tag-hutschachteln","tag-kopf","tag-kopfbedeckung","tag-kuriose-tage","tag-schenken"],"_links":{"self":[{"href":"https:\/\/annamcara.ch\/htm\/wp-json\/wp\/v2\/posts\/6561","targetHints":{"allow":["GET"]}}],"collection":[{"href":"https:\/\/annamcara.ch\/htm\/wp-json\/wp\/v2\/posts"}],"about":[{"href":"https:\/\/annamcara.ch\/htm\/wp-json\/wp\/v2\/types\/post"}],"author":[{"embeddable":true,"href":"https:\/\/annamcara.ch\/htm\/wp-json\/wp\/v2\/users\/2"}],"replies":[{"embeddable":true,"href":"https:\/\/annamcara.ch\/htm\/wp-json\/wp\/v2\/comments?post=6561"}],"version-history":[{"count":69,"href":"https:\/\/annamcara.ch\/htm\/wp-json\/wp\/v2\/posts\/6561\/revisions"}],"predecessor-version":[{"id":7466,"href":"https:\/\/annamcara.ch\/htm\/wp-json\/wp\/v2\/posts\/6561\/revisions\/7466"}],"wp:attachment":[{"href":"https:\/\/annamcara.ch\/htm\/wp-json\/wp\/v2\/media?parent=6561"}],"wp:term":[{"taxonomy":"category","embeddable":true,"href":"https:\/\/annamcara.ch\/htm\/wp-json\/wp\/v2\/categories?post=6561"},{"taxonomy":"post_tag","embeddable":true,"href":"https:\/\/annamcara.ch\/htm\/wp-json\/wp\/v2\/tags?post=6561"}],"curies":[{"name":"wp","href":"https:\/\/api.w.org\/{rel}","templated":true}]}}