{"id":6358,"date":"2021-01-08T17:00:02","date_gmt":"2021-01-08T16:00:02","guid":{"rendered":"https:\/\/annamcara.ch\/htm\/?p=6358"},"modified":"2023-12-07T15:20:05","modified_gmt":"2023-12-07T14:20:05","slug":"vitamine","status":"publish","type":"post","link":"https:\/\/annamcara.ch\/htm\/2021\/vitamine\/","title":{"rendered":"Vitamine f\u00fcr uns"},"content":{"rendered":"<div id=\"pl-6358\"  class=\"panel-layout\" ><div id=\"pg-6358-0\"  class=\"panel-grid panel-no-style\" ><div id=\"pgc-6358-0-0\"  class=\"panel-grid-cell\" ><div id=\"panel-6358-0-0-0\" class=\"so-panel widget widget_sow-editor panel-first-child\" data-index=\"0\" ><div\n\t\t\t\n\t\t\tclass=\"so-widget-sow-editor so-widget-sow-editor-base\"\n\t\t\t\n\t\t>\n<div class=\"siteorigin-widget-tinymce textwidget\">\n\t<p><img decoding=\"async\" src=\"https:\/\/annamcara.ch\/htm\/wp-content\/uploads\/AmC-Immunsystem-Sonnenstrahlen.jpg\" alt=\"Anna'm'Cara - Blog - Immunsystem - Vitamine - Sonnenstrahlen\" width=\"100%\" height=\"100%\" align=\"center\" \/><\/p>\n<h3>Vitamin D3 und Sonnenlicht - zugeh\u00f6riges Vitamin K2<\/h3>\n<p>Hallo ihr Lieben<\/p>\n<p>Nun geht es weiter auf unserer Informationsreise rund um unser Immunsystem. Gerne m\u00f6chte ich euch heute erkl\u00e4ren, warum es uns gerade in der Dunkelzeit gut tut <a href=\"#d3\">Vitamin D3<\/a> in <a href=\"#k2\">Kombination mit K2<\/a> einzunehmen.<\/p>\n<\/div>\n<\/div><\/div><div id=\"panel-6358-0-0-1\" class=\"so-panel widget widget_sow-editor\" data-index=\"1\" ><div\n\t\t\t\n\t\t\tclass=\"so-widget-sow-editor so-widget-sow-editor-base\"\n\t\t\t\n\t\t>\n<div class=\"siteorigin-widget-tinymce textwidget\">\n\t<p id=\"d3\" name=\"d3\">\n<hr \/>\n<\/div>\n<\/div><\/div><div id=\"panel-6358-0-0-2\" class=\"so-panel widget widget_sow-editor\" data-index=\"2\" ><div\n\t\t\t\n\t\t\tclass=\"so-widget-sow-editor so-widget-sow-editor-base\"\n\t\t\t\n\t\t><h3 class=\"widget-title\">Vitamin D3<\/h3>\n<div class=\"siteorigin-widget-tinymce textwidget\">\n\t<p>Vitamin D ist ein fettl\u00f6sliches Vitamin und st\u00e4rkt unser Immunsystem, ebenso hilft es Knochen und Muskulatur aufzubauen. Gerade in der heutigen Zeit ist ein intaktes Immunsystem speziell wichtig. Fettl\u00f6sliche Vitamine haben den Vorteil, dass unser K\u00f6rper die M\u00f6glichkeit hat diese zu speichern, z.B. im Fettgewebe oder der Leber. Ist unser Speicher erst einmal aufgef\u00fcllt, kann unser K\u00f6rper je nachdem einige Wochen oder Monate davon zehren.<\/p>\n<p>Unser K\u00f6rper produziert bis zu 90% des Vitamin D \u00fcber die Haut, insofern wir gen\u00fcgend Sonnenstrahlen mit blosser Haut tanken. Da unsere Nahrungsmittel sehr wenig Vitamin D enthalten, k\u00f6nnen wir \u00fcber die Nahrung kaum Vitamin D zu uns nehmen. Scheint also die Sonne direkt auf unsere Haut, entwickeln wir das Vitamin D, eine Vorstufe des Vitamin D3. Dieses wird von der Haut zur Leber transportiert, dort absorbiert als D3 und mit dem Stoffwechsel in unsere K\u00f6rperzellen transportiert.<\/p>\n<p>Vitamin D3 - Mangel kommt nicht nur zur Dunkelzeit vor, auch lange Arbeitszeiten, starke Sonnenschutzmittel und zunehmendes Alter verhindern die Aufnahme der wichtigen UV-Strahlung \u00fcber die Haut und f\u00fchren so zur fehlenden Produktion des Vitamins. Der Vitamin D Spiegel kann \u00fcber einen Bluttestes gemessen werden.<\/p>\n<\/div>\n<\/div><\/div><div id=\"panel-6358-0-0-3\" class=\"so-panel widget widget_sow-editor\" data-index=\"3\" ><div\n\t\t\t\n\t\t\tclass=\"so-widget-sow-editor so-widget-sow-editor-base\"\n\t\t\t\n\t\t><h3 class=\"widget-title\">Vorteile der Einnahme von Vitamin D3<\/h3>\n<div class=\"siteorigin-widget-tinymce textwidget\">\n\t<p>Hochdosiertes Vitamin D3 kann entweder als Kapsel oder in Tropfenform eingenommen werden. Sollte dem Pr\u00e4parat die Zumischung von \u00d6l fehlen, empfiehlt es sich bei der Einnahme eine Messerspitze hochwertiges Oliven\u00f6l einzunehmen. Denn - Vitamin D3 ist ein \u00f6ll\u00f6sliches Vitamin! <\/p>\n<p>Unser Vitamin D3 - Haushalt ist f\u00fcr Folgendes verantwortlich:<\/p>\n<ul>\n<li><b>Depressive Verstimmung<\/b><br \/>Vitamin D ist notwendig f\u00fcr die Produktion von Serotonin und Dopamin, diese sorgen f\u00fcr ein ausgeglichenes seelisches Wohlbefinden. <\/li>\n<li><b>Haarausfall<\/b><br \/>Unsere Haarwurzeln\/-follikel ben\u00f6tigen zahlreiche N\u00e4hrstoffe, Spurenelemente und Vitamine. Bei einem Vitamin D Mangel wird der Zyklus des Haarfollikels ver\u00e4ndert dies kann zu Haarausfall f\u00fchren.<\/li>\n<li><b>Immunsystem<\/b><br \/>Vitamin D beeinflusst ca. 3'000 von 25'000 Genen unseres K\u00f6rpers und ist somit f\u00fcr unser Abwehrsystem enorm wichtig. Ein gesundes, fittes und aktives Immunsystem ist dem synthetischen Immunisieren durch Impfstoffe weit \u00fcberlegen. <a href=\"https:\/\/annamcara.ch\/htm\/2020\/11\/18\/immunsystem\/\" target=\"blank\" title=\"Link zur Blog-Beitragsseite Immunsystem auf Anna'mCara\" rel=\"noopener\">(siehe Blog-Eintrag: Unser Immunsystem)<\/a><\/li>\n<li><b>Gesundes Herz<\/b><br \/>Ein gesunder Vitamin D3 Spiegel hat zahlreiche positive Auswirkungen auf unser Herz-Kreislaufsystem. Risiken wie Bluthochdruck, Diabetes, Tumore, Virusinfektionen und<br \/>\nAtherosklerose sinken mit h\u00f6heren Vitamin D3 Werten.<\/li>\n<li><b>Schuppengeflechte<\/b><br \/>Wissenschaftler best\u00e4tigen, dass Patienten, die an chronischer Schuppenflechte leiden, gew\u00f6hnlich auch einen Vitamin D Mangel aufweisen. So steigt auch das Risiko f\u00fcr Neurodermitis, sowie die damit in Verbindung stehende bakteriellen Hautinfektionen.<\/li>\n<li><b>Gesunde Knochen<\/b><br \/>Vitamin D reguliert den Calciumspiegel und sorgt f\u00fcr gesunde Z\u00e4hne und Knochen. Gerade Kinder, Frauen in den Wechseljahren, Senioren und Schwangere haben einen erh\u00f6hten Calcium-Bedarf.<\/li>\n<li><b>Entz\u00fcndungen<\/b><br \/>Unser Immunsystem l\u00f6st h\u00e4ufig zu unserem Schutz eine Entz\u00fcndung  aus. Manchmal schiesst es dabei aber weit \u00fcber das Ziel hinaus. Vitamin D reguliert diesen Vorgang und h\u00e4lt zudem entz\u00fcndungsf\u00f6rdernde Zellen davon ab, ausser Kontrolle zu geraten.<\/li>\n<\/ul>\n<p><\/p>\n<\/div>\n<\/div><\/div><div id=\"panel-6358-0-0-4\" class=\"so-panel widget widget_sow-editor\" data-index=\"4\" ><div\n\t\t\t\n\t\t\tclass=\"so-widget-sow-editor so-widget-sow-editor-base\"\n\t\t\t\n\t\t><h3 class=\"widget-title\">Dosierung \/ \u00dcberdosierung von Vitamin D3<\/h3>\n<div class=\"siteorigin-widget-tinymce textwidget\">\n\t<p>Hier in der Schweiz hat das Eidgen\u00f6ssische Departement des Innern (EDI) eine Verordnung zur Einnahme von Nahrungsmittelerg\u00e4nzungen erlassen und entsprechend zul\u00e4ssige H\u00f6chstmengen pro Tagesdosis erlassen <a href=\"https:\/\/www.admin.ch\/opc\/de\/classified-compilation\/20143410\/index.html#app1ahref0\" target=\"blank\" title=\"Link zur Webseite des EDI - Verordnung \u00fcber Nahrungserg\u00e4nzungsmittel\" rel=\"noopener\">(Link zur Seite EDI)<\/a>.<br \/>\nBei Vitamin D sollte die H\u00f6chstdossis 70 \u00b5g nicht \u00fcberschreiten. <\/p>\n<p>\u00dcblicherweise weisen die Vitamin D3 Pr\u00e4parate eine Dosierung von 1'000 bis zu 5'000 I.E. auf. Laut dem EDI w\u00fcrden 70 \u00b5g, also 1 Tropfen 1'000 I.E. alle 2 Tage, als \"H\u00f6chst\"dosis entsprechen.<br \/>\nDoch auch eine Einnahme von 10.000 I.E. t\u00e4glich f\u00fchrt normalerweise noch lange nicht zu einer \u00dcberdosierung. Meist ist eine 5'000 I.E. Kapsel oder entsprechende Tropfen pro Tag gut vertr\u00e4glich und auch zu empfehlen. Es ist jedoch sehr ratsam, erst den Vitamin D Spiegel bei einem Arzt durch einen Bluttest zu ermitteln und anschliessend die Tagesdosis zu bestimmen.<\/p>\n<p>Weiterf\u00fchrende Informationen findet Ihr auf dieser Seite: <a href=\"https:\/\/www.herbano.com\/ch\/vitamin-d3\" target=\"blank\" title=\"Link zur Seite von Herbano - Drittanbieter\" rel=\"noopener\">www.herbano.com<\/a><\/p>\n<\/div>\n<\/div><\/div><div id=\"panel-6358-0-0-5\" class=\"so-panel widget widget_sow-image\" data-index=\"5\" ><div\n\t\t\t\n\t\t\tclass=\"so-widget-sow-image so-widget-sow-image-default-8b5b6f678277-6358\"\n\t\t\t\n\t\t>\n<div class=\"sow-image-container\">\n\t\t<img \n\tsrc=\"https:\/\/annamcara.ch\/htm\/wp-content\/uploads\/AmC-Blog-VitaminD3-Sonnenschein.jpg\" width=\"1920\" height=\"837\" srcset=\"https:\/\/annamcara.ch\/htm\/wp-content\/uploads\/AmC-Blog-VitaminD3-Sonnenschein.jpg 1920w, https:\/\/annamcara.ch\/htm\/wp-content\/uploads\/AmC-Blog-VitaminD3-Sonnenschein-300x131.jpg 300w, https:\/\/annamcara.ch\/htm\/wp-content\/uploads\/AmC-Blog-VitaminD3-Sonnenschein-1024x446.jpg 1024w, https:\/\/annamcara.ch\/htm\/wp-content\/uploads\/AmC-Blog-VitaminD3-Sonnenschein-768x335.jpg 768w, https:\/\/annamcara.ch\/htm\/wp-content\/uploads\/AmC-Blog-VitaminD3-Sonnenschein-1536x670.jpg 1536w\" sizes=\"(max-width: 706px) 89vw, (max-width: 767px) 82vw, 740px\" title=\"Anna&#039;mCara-Blog - Immunsystem - Vitamin D3 - Sonnenschein\" alt=\"Anna&#039;mCara-Blog - Immunsystem - Vitamin D3 - Sonnenschein\" \t\tclass=\"so-widget-image\"\/>\n\t<\/div>\n\n<\/div><\/div><div id=\"panel-6358-0-0-6\" class=\"so-panel widget widget_sow-editor\" data-index=\"6\" ><div\n\t\t\t\n\t\t\tclass=\"so-widget-sow-editor so-widget-sow-editor-base\"\n\t\t\t\n\t\t>\n<div class=\"siteorigin-widget-tinymce textwidget\">\n\t<p id=\"k2\" name\"k2\">\n<hr \/>\n<\/div>\n<\/div><\/div><div id=\"panel-6358-0-0-7\" class=\"so-panel widget widget_sow-editor\" data-index=\"7\" ><div\n\t\t\t\n\t\t\tclass=\"so-widget-sow-editor so-widget-sow-editor-base\"\n\t\t\t\n\t\t><h3 class=\"widget-title\">Vitamin K2<\/h3>\n<div class=\"siteorigin-widget-tinymce textwidget\">\n\t<p>Vitamin K2 - ein sehr wichtiges und doch recht unbekanntes Vitamin! Auch das Vitamin D ist ein fettl\u00f6sliches Vitamin. Seinen Namen \"K\" bezieht sich auf seine wichtige Rolle bei der Blutgerinnung und stammt vom deutschen Wort \"Koagulation\". Dies bedeutet, dass Proteine zur Gerinnung gebracht werden und dies wiederum ist lebensnotwendig, um Blutungen zu stillen. Haupts\u00e4chlich ist das Vitamin K f\u00fcr die Aktivierung unterschiedlicher Proteine f\u00fcr \u00fcberlebenswichtige Funktionen im K\u00f6rper verantwortlich. Heisst soviel wie, die Proteine sind inaktiv, bis sie durch das Vitamin K2 aktiviert werden.<\/p>\n<p>Vitamin K1 kommt in vielen gr\u00fcnen Gem\u00fcsen vor und hat eher eine gerinnungshemmende Wirkung. Vitamin K2 finden wir vorwiegend in fermentierten Lebensmittel, z.B. in K\u00e4sesorten wie Gouda, Edamer und Brie, oder Sauerkraut, auch in tierischen Produkten wie Eigelb, Butter und Milchprodukte. Unser K\u00f6rper kann das Vitamin K2 gut \u00fcber die Nahrungsmittel aufnehmen, im Vergleich dazu k\u00f6nnen wir keine 20% des Vitamin K1 aufnehmen.<\/p>\n<p>Ein Vitamin K2 Mangel ist gar nicht so einfach nachzuweisen. Da wir heute weniger fermentierte Lebensmittel zu uns nehmen, ebenso viele Menschen auf tierische Produkte verzichten, gehen Experten von einem verbreiteten Vitamin K2 Mangel aus. Gerade Kinder wie auch Erwachsene ab 40 Jahren geh\u00f6ren zur Vitamin K2 Mangel Risikogruppe.<\/p>\n<p>Schiefe Z\u00e4hne, \u00fcberm\u00e4ssiges Bluten und Neigung zu Bluterg\u00fcssen, schmerzhafte Menstruationen, Blut im Urin und\/oder Stuhl, sowie Verlust an Knochendichte geh\u00f6ren zu den h\u00e4ufigsten Symptomen eines Vitamin K2 Mangels.<\/p>\n<\/div>\n<\/div><\/div><div id=\"panel-6358-0-0-8\" class=\"so-panel widget widget_sow-editor\" data-index=\"8\" ><div\n\t\t\t\n\t\t\tclass=\"so-widget-sow-editor so-widget-sow-editor-base\"\n\t\t\t\n\t\t><h3 class=\"widget-title\">Vorteile der Einnahme von Vitamin K2<\/h3>\n<div class=\"siteorigin-widget-tinymce textwidget\">\n\t<p>Hochdosiertes Vitamin K2 sollte als \"MK-7 all-trans\" eingenommen werden. MK-7 bezeichnet, dass das Vitamin K2 aus Fermentation gewonnen wird und daher sehr gut vertr\u00e4glich und wird optimal von unseren K\u00f6rpern verwertet. All-trans bezeichnet Produkte die eine lange Halbwertszeit und einen trans-Anteil von \u00fcber 98% aufweisen.<\/p>\n<p>Unser Vitamin K2 - Haushalt beugt Folgendes vor und unterst\u00fctzt bei:<\/p>\n<ul>\n<li><b>Vorzeitige Alterung<\/b><br \/>\nVitamin K2 vermeidet eine vorzeitige Hautalterung.<\/li>\n<li><b>Starke Knochen<\/b><br \/>\nDieses Vitamin verbessert die Knochenmineraldichte und verringert die Anf\u00e4lligkeit auf Knochenbr\u00fcche.<\/li>\n<li><b>Osteoporose<\/b><br \/>\nVitamin K2 beugt Osteoporose und Knochenschwund vor, ist daher f\u00fcr Frauen (auch M\u00e4nner) \u00fcber 40 sehr wiechtig. .<\/li>\n<li><b>Arteriosklerose<\/b><br \/>\nWegen Ablagerungen von Calcium kann es zu Verh\u00e4rtungen in den Blutgef\u00e4ssen kommen. K2 bindet das Calcium bereits vorher in den Knochen und h\u00e4lt es davon ab, sich in den Blutgef\u00e4ssen abzulagern.<\/li>\n<li><b>Herzgesundheit<\/b><br \/>\nK2 beugt die Arterienverkalkung vor, weil es das Calcium in den Knochen bindet.<\/li>\n<li><b>Krampfadern<\/b><br \/>\nK2 f\u00f6rdert unsere Gef\u00e4ssgesundheit, eine Minderung der Verkalkung und somit beugt es aktiv Krampfadern vor.<\/li>\n<li><b>Kiefer &amp; Z\u00e4hne<\/b><br \/>\nK2 f\u00f6rdert ein normales Wachstum der Gesichtsknochen und gerade, sch\u00f6ne Z\u00e4hne.<\/li>\n<li><b>Knochenwachstum<\/b><br \/>\nK2 wirkt auf folgende 3 Faktoren positiv ein: Wachstumshormone, Wachstumsfaktor und Vitamin D.<\/li>\n<li><b>Diabetes Typ 2<\/b><br \/>\nDas Vitamin K abh\u00e4ngige Protein Osteocalcin kann die Verwertung des Blutzuckers im K\u00f6rper unterst\u00fctzen.<\/li>\n<li><b>Menstruationsbeschwerden<\/b><br \/>\nVitamin K lindert PMS-Kr\u00e4mpfe durch die Hormonregulierung.<\/li>\n<li><b>Entz\u00fcndungen<\/b><br \/>\nEin hoher Vitamin K Spiegel bek\u00e4mpft Entz\u00fcndungen und st\u00e4rkt unsere Immunzellen. <\/li>\n<\/ul>\n<\/div>\n<\/div><\/div><div id=\"panel-6358-0-0-9\" class=\"so-panel widget widget_sow-editor\" data-index=\"9\" ><div\n\t\t\t\n\t\t\tclass=\"so-widget-sow-editor so-widget-sow-editor-base\"\n\t\t\t\n\t\t>\n<div class=\"siteorigin-widget-tinymce textwidget\">\n\t<p>Abschliessend k\u00f6nnen wir sagen, dass das Vitamin K wirklich wichtig f\u00fcr einen gesunden K\u00f6rper ist. Es st\u00e4rkt unser Herzkreislaufsystem, sorgt f\u00fcr ein gesundes Gehirn, gesundes Wachstum bei Knochen, Kiefer &amp; Z\u00e4hnen sowie gesunde Nieren. Hilft gegen Osteoporose, Arteriosklerose, Verkalkungen der Gef\u00e4sse, Krampfadern, Menstruationsbeschwerden, Blutungen und Entz\u00fcndungen.<br \/><\/p>\n<\/div>\n<\/div><\/div><div id=\"panel-6358-0-0-10\" class=\"so-panel widget widget_sow-editor\" data-index=\"10\" ><div\n\t\t\t\n\t\t\tclass=\"so-widget-sow-editor so-widget-sow-editor-base\"\n\t\t\t\n\t\t><h3 class=\"widget-title\">Dosierung \/ \u00dcberdosierung von Vitamin K2<\/h3>\n<div class=\"siteorigin-widget-tinymce textwidget\">\n\t<p>Hier in der Schweiz hat das Eidgen\u00f6ssische Departement des Innern (EDI) eine Verordnung zur Einnahme von Nahrungsmittelerg\u00e4nzungen erlassen und entsprechend zul\u00e4ssige H\u00f6chstmengen pro Tagesdosis erlassen <a href=\"https:\/\/www.admin.ch\/opc\/de\/classified-compilation\/20143410\/index.html#app1ahref0\" target=\"blank\" title=\"Link zur Webseite des EDI - Verordnung \u00fcber Nahrungserg\u00e4nzungsmittel\" rel=\"noopener\">(Link zur Seite EDI)<\/a>.<br \/>\nBei Vitamin K sollte die H\u00f6chstdossis 225 \u00b5g nicht \u00fcberschreiten.<br \/>\n<b>WICHTIG:<\/b> Menschen, welche Antikoagulantien einnehmen, sollten unbedingt R\u00fccksprache mit ihrem Arzt nehmen bevor sie Vitamin K-Pr\u00e4parate einnehmen!<\/p>\n<p>Die Einnahme von Kapseln sieht 2-3 Kapseln \u00fcber den Tag verteilt, t\u00e4glich vor. Bei tropfenf\u00f6rmiger Einnahme empfiehlt sich eine t\u00e4gliche Dosis von 5 Tropfen einzunehmen. Es empfiehlt sich hier die Empfehlungen der Pakungsbeilage zu beachten!<\/p>\n<p>Weiterf\u00fchrende Informationen findet Ihr auf dieser Seite: <a href=\"https:\/\/www.herbano.com\/ch\/vitamin-k2\" target=\"blank\" title=\"Link zur Seite von Herbano - Drittanbieter\" rel=\"noopener\">www.herbano.com<\/a><\/p>\n<\/div>\n<\/div><\/div><div id=\"panel-6358-0-0-11\" class=\"so-panel widget widget_sow-image\" data-index=\"11\" ><div\n\t\t\t\n\t\t\tclass=\"so-widget-sow-image so-widget-sow-image-default-8b5b6f678277-6358\"\n\t\t\t\n\t\t>\n<div class=\"sow-image-container\">\n\t\t<img \n\tsrc=\"https:\/\/annamcara.ch\/htm\/wp-content\/uploads\/AmC-Blog-VitaminK2-Knochenbau.jpg\" width=\"768\" height=\"335\" srcset=\"https:\/\/annamcara.ch\/htm\/wp-content\/uploads\/AmC-Blog-VitaminK2-Knochenbau.jpg 768w, https:\/\/annamcara.ch\/htm\/wp-content\/uploads\/AmC-Blog-VitaminK2-Knochenbau-300x131.jpg 300w\" sizes=\"(max-width: 706px) 89vw, (max-width: 767px) 82vw, 740px\" title=\"Anna&#039;mCara-Blog - Immunsystem - Vitamin K2 - Knochenbau\" alt=\"Anna&#039;mCara-Blog - Immunsystem - Vitamin K2 - Knochenbau\" \t\tclass=\"so-widget-image\"\/>\n\t<\/div>\n\n<\/div><\/div><div id=\"panel-6358-0-0-12\" class=\"so-panel widget widget_sow-editor\" data-index=\"12\" ><div\n\t\t\t\n\t\t\tclass=\"so-widget-sow-editor so-widget-sow-editor-base\"\n\t\t\t\n\t\t>\n<div class=\"siteorigin-widget-tinymce textwidget\">\n\t<hr \/>\n<\/div>\n<\/div><\/div><div id=\"panel-6358-0-0-13\" class=\"so-panel widget widget_sow-editor panel-last-child\" data-index=\"13\" ><div\n\t\t\t\n\t\t\tclass=\"so-widget-sow-editor so-widget-sow-editor-base\"\n\t\t\t\n\t\t>\n<div class=\"siteorigin-widget-tinymce textwidget\">\n\t<p><span style=\"font-size: 0.7rem;\">(Beitrag kann unbezahlte und\/oder unbeauftragte Werbung wegen Namensnennung, Produkterkennung und\/oder Verlinkung enthalten.)<\/span><\/p>\n<p>Bleibt gesund und startet wundervoll in das neue Jahr! <\/p>\n<p>Herzlichst, Anna<\/p>\n<\/div>\n<\/div><\/div><\/div><\/div><\/div>","protected":false},"excerpt":{"rendered":"<p>Vitamin D3 und Sonnenlicht &#8211; zugeh\u00f6riges Vitamin K2 Hallo ihr Lieben Nun geht es weiter auf unserer Informationsreise rund um unser Immunsystem. Gerne m\u00f6chte ich euch heute erkl\u00e4ren, warum es uns gerade in der Dunkelzeit gut tut Vitamin D3 in Kombination mit K2 einzunehmen. Vitamin D ist ein fettl\u00f6sliches Vitamin und st\u00e4rkt unser Immunsystem, ebenso &hellip; <\/p>\n<p class=\"link-more\"><a href=\"https:\/\/annamcara.ch\/htm\/2021\/vitamine\/\" class=\"more-link\"><span class=\"screen-reader-text\">\u201eVitamine f\u00fcr uns\u201c<\/span> weiterlesen<\/a><\/p>\n","protected":false},"author":2,"featured_media":0,"comment_status":"open","ping_status":"open","sticky":false,"template":"","format":"standard","meta":{"ngg_post_thumbnail":0,"footnotes":""},"categories":[409,413],"tags":[54,50,55,57,56,52],"class_list":["post-6358","post","type-post","status-publish","format-standard","hentry","category-409","category-wildkraeuter","tag-d3","tag-gesundheit","tag-k2","tag-nahrungsergaenzung","tag-sonnenlicht","tag-vitamine"],"_links":{"self":[{"href":"https:\/\/annamcara.ch\/htm\/wp-json\/wp\/v2\/posts\/6358","targetHints":{"allow":["GET"]}}],"collection":[{"href":"https:\/\/annamcara.ch\/htm\/wp-json\/wp\/v2\/posts"}],"about":[{"href":"https:\/\/annamcara.ch\/htm\/wp-json\/wp\/v2\/types\/post"}],"author":[{"embeddable":true,"href":"https:\/\/annamcara.ch\/htm\/wp-json\/wp\/v2\/users\/2"}],"replies":[{"embeddable":true,"href":"https:\/\/annamcara.ch\/htm\/wp-json\/wp\/v2\/comments?post=6358"}],"version-history":[{"count":72,"href":"https:\/\/annamcara.ch\/htm\/wp-json\/wp\/v2\/posts\/6358\/revisions"}],"predecessor-version":[{"id":17503,"href":"https:\/\/annamcara.ch\/htm\/wp-json\/wp\/v2\/posts\/6358\/revisions\/17503"}],"wp:attachment":[{"href":"https:\/\/annamcara.ch\/htm\/wp-json\/wp\/v2\/media?parent=6358"}],"wp:term":[{"taxonomy":"category","embeddable":true,"href":"https:\/\/annamcara.ch\/htm\/wp-json\/wp\/v2\/categories?post=6358"},{"taxonomy":"post_tag","embeddable":true,"href":"https:\/\/annamcara.ch\/htm\/wp-json\/wp\/v2\/tags?post=6358"}],"curies":[{"name":"wp","href":"https:\/\/api.w.org\/{rel}","templated":true}]}}