{"id":18636,"date":"2024-09-26T09:00:07","date_gmt":"2024-09-26T08:00:07","guid":{"rendered":"https:\/\/annamcara.ch\/htm\/?p=18636"},"modified":"2024-10-03T09:00:56","modified_gmt":"2024-10-03T08:00:56","slug":"mfc-september-2024","status":"publish","type":"post","link":"https:\/\/annamcara.ch\/htm\/2024\/mfc-september-2024\/","title":{"rendered":"Monatscollage &#8211; September 2024"},"content":{"rendered":"<div id=\"pl-18636\"  class=\"panel-layout\" ><div id=\"pg-18636-0\"  class=\"panel-grid panel-no-style\" ><div id=\"pgc-18636-0-0\"  class=\"panel-grid-cell\" ><div id=\"panel-18636-0-0-0\" class=\"so-panel widget widget_sow-editor panel-first-child\" data-index=\"0\" ><div\n\t\t\t\n\t\t\tclass=\"so-widget-sow-editor so-widget-sow-editor-base\"\n\t\t\t\n\t\t>\n<div class=\"siteorigin-widget-tinymce textwidget\">\n\t<h3>Ein Monat in Bildern<\/h3>\n<p>Liebe Freunde<\/p>\n<p>Der September - Der Monat, wo Tag und Nacht in Harmonie stehen, wo die Dunkelzeit, die dunkle Jahreszeit unserer Ahnen beginnt und wir uns langsam auf den winterlichen R\u00fcckzug vorbereiten. Und f\u00fcr uns immer AUSZEIT - URLAUB - SCH\u00d6PFERZEIT! Hier mein September in Bildern...<\/p>\n<p><img decoding=\"async\" class=\"aligncenter\" src=\"https:\/\/annamcara.ch\/htm\/wp-content\/uploads\/AnnamCara-Monatscollage-September-24.jpg\" alt=\"Anna'mCara-Blog - Monatscollage - September 2024\"\/><\/p>\n<\/div>\n<\/div><\/div><div id=\"panel-18636-0-0-1\" class=\"so-panel widget widget_sow-editor panel-last-child\" data-index=\"1\" ><div\n\t\t\t\n\t\t\tclass=\"so-widget-sow-editor so-widget-sow-editor-base\"\n\t\t\t\n\t\t>\n<div class=\"siteorigin-widget-tinymce textwidget\">\n\t<h3>Herausforderung<\/h3>\n<p>Eine Collage erstellen, aus Fotos, Bildern, Projekten, die mich mit einem Blick an einen Monat erinnern kann.<br \/>\nDiese wird dann jeweils zum letzten Donnerstag im Monat ver\u00f6ffentlicht. Dies ist mein <strong>September 2024<\/strong>. \u2665<\/p>\n<hr \/>\n<\/div>\n<\/div><\/div><\/div><\/div><div id=\"pg-18636-1\"  class=\"panel-grid panel-no-style\" ><div id=\"pgc-18636-1-0\"  class=\"panel-grid-cell\" ><div id=\"panel-18636-1-0-0\" class=\"so-panel widget widget_sow-editor panel-first-child\" data-index=\"2\" ><div\n\t\t\t\n\t\t\tclass=\"so-widget-sow-editor so-widget-sow-editor-base\"\n\t\t\t\n\t\t>\n<div class=\"siteorigin-widget-tinymce textwidget\">\n\t<p><span style=\"font-size: 0.7rem;\">(Beitrag kann unbezahlte und\/oder unbeauftragte Werbung wegen Namensnennung, Produkterkennung und\/oder Verlinkung enthalten.)<\/span><\/p>\n<p>Ich freu mich sehr auf diese Zeit und dass ich dabei sein kann. Verlinkt bei <a title=\"Link zur Seite von Birgitt - Monatscollage September 2024\" href=\"https:\/\/diebirgitt.blogspot.com\/2024\/09\/monatscollage-september-2024.html\" target=\"_blank\" rel=\"noopener\">die Birgitt<\/a>.<\/p>\n<\/div>\n<\/div><\/div><div id=\"panel-18636-1-0-1\" class=\"so-panel widget widget_sow-editor panel-last-child\" data-index=\"3\" ><div\n\t\t\t\n\t\t\tclass=\"so-widget-sow-editor so-widget-sow-editor-base\"\n\t\t\t\n\t\t>\n<div class=\"siteorigin-widget-tinymce textwidget\">\n\t<p>Der Oktober - der Monat der Sch\u00f6pferin, der letzten M\u00f6glichkeit, die Vorr\u00e4te f\u00fcr den Winter einzumachen, denn nach Samhain geh\u00f6rt die Natur und alles darin sich selbst. Ich bin gespannt, was uns dieser Monat alles bringen darf, mit Sonnenfinsternis zur dunklen Luna, Portaltagen und anderen energetischen Herausforderungen. Ich freu mich auf den bunten Monat!<\/p>\n<p>Herzlichst, Anna<\/p>\n<\/div>\n<\/div><\/div><\/div><\/div><\/div>","protected":false},"excerpt":{"rendered":"<p>Ein Monat in Bildern Liebe Freunde Der September &#8211; Der Monat, wo Tag und Nacht in Harmonie stehen, wo die Dunkelzeit, die dunkle Jahreszeit unserer Ahnen beginnt und wir uns langsam auf den winterlichen R\u00fcckzug vorbereiten. Und f\u00fcr uns immer AUSZEIT &#8211; URLAUB &#8211; SCH\u00d6PFERZEIT! Hier mein September in Bildern&#8230; Herausforderung Eine Collage erstellen, aus &hellip; <\/p>\n<p class=\"link-more\"><a href=\"https:\/\/annamcara.ch\/htm\/2024\/mfc-september-2024\/\" class=\"more-link\"><span class=\"screen-reader-text\">\u201eMonatscollage &#8211; September 2024\u201c<\/span> weiterlesen<\/a><\/p>\n","protected":false},"author":1,"featured_media":0,"comment_status":"open","ping_status":"open","sticky":false,"template":"","format":"standard","meta":{"ngg_post_thumbnail":0,"footnotes":""},"categories":[425,438],"tags":[298,289,307,299,62,60,308,273,306],"class_list":["post-18636","post","type-post","status-publish","format-standard","hentry","category-425","category-monatsfotocollage24","tag-298","tag-blog-challenge","tag-erinnerung","tag-foto-challenge","tag-fotografie","tag-fotos","tag-herzenscollage","tag-jahresprojekt","tag-monatscollage"],"_links":{"self":[{"href":"https:\/\/annamcara.ch\/htm\/wp-json\/wp\/v2\/posts\/18636","targetHints":{"allow":["GET"]}}],"collection":[{"href":"https:\/\/annamcara.ch\/htm\/wp-json\/wp\/v2\/posts"}],"about":[{"href":"https:\/\/annamcara.ch\/htm\/wp-json\/wp\/v2\/types\/post"}],"author":[{"embeddable":true,"href":"https:\/\/annamcara.ch\/htm\/wp-json\/wp\/v2\/users\/1"}],"replies":[{"embeddable":true,"href":"https:\/\/annamcara.ch\/htm\/wp-json\/wp\/v2\/comments?post=18636"}],"version-history":[{"count":1,"href":"https:\/\/annamcara.ch\/htm\/wp-json\/wp\/v2\/posts\/18636\/revisions"}],"predecessor-version":[{"id":18640,"href":"https:\/\/annamcara.ch\/htm\/wp-json\/wp\/v2\/posts\/18636\/revisions\/18640"}],"wp:attachment":[{"href":"https:\/\/annamcara.ch\/htm\/wp-json\/wp\/v2\/media?parent=18636"}],"wp:term":[{"taxonomy":"category","embeddable":true,"href":"https:\/\/annamcara.ch\/htm\/wp-json\/wp\/v2\/categories?post=18636"},{"taxonomy":"post_tag","embeddable":true,"href":"https:\/\/annamcara.ch\/htm\/wp-json\/wp\/v2\/tags?post=18636"}],"curies":[{"name":"wp","href":"https:\/\/api.w.org\/{rel}","templated":true}]}}