{"id":1862,"date":"2018-12-26T12:00:55","date_gmt":"2018-12-26T11:00:55","guid":{"rendered":"https:\/\/annamcara.ch\/htm\/?p=1862"},"modified":"2023-11-29T12:07:08","modified_gmt":"2023-11-29T11:07:08","slug":"seelengefluester","status":"publish","type":"post","link":"https:\/\/annamcara.ch\/htm\/2018\/seelengefluester\/","title":{"rendered":"Seelengefl\u00fcster"},"content":{"rendered":"<div id=\"pl-1862\"  class=\"panel-layout\" ><div id=\"pg-1862-0\"  class=\"panel-grid panel-no-style\" ><div id=\"pgc-1862-0-0\"  class=\"panel-grid-cell\" ><div id=\"panel-1862-0-0-0\" class=\"so-panel widget widget_sow-editor panel-first-child panel-last-child\" data-index=\"0\" ><div\n\t\t\t\n\t\t\tclass=\"so-widget-sow-editor so-widget-sow-editor-base\"\n\t\t\t\n\t\t><h3 class=\"widget-title\">Wenn Seelen sich mitteilen m\u00f6chten...<\/h3>\n<div class=\"siteorigin-widget-tinymce textwidget\">\n\t<p><img decoding=\"async\" src=\"https:\/\/annamcara.ch\/htm\/wp-content\/uploads\/AnnamCara-Blog-Seelengefl\u00fcster.png\" alt=\"Anna'mCara-Blog-Seelengefl\u00fcster\" align=\"center\" width=\"100%\" height=\"100%\"\/><\/p>\n<p>\"Wie fl\u00fcsterst du, sprichst du?\" - \"Wie funktioniert das?\" - \"Wie machst du das genau?\" werde ich immer wieder gefragt. Genau diese Fragen besch\u00e4ftigen mich in dieser Zeit der Ruhe, der Rauhn\u00e4chte.<\/p>\n<p>Dass ich eine Seelenfl\u00fcsterin \/ Seelenfreundin bin, war mir nicht klar. Klar war mir aber seit geraumer Zeit, dass L\u00f6sungen f\u00fcr Probleme weder verdient, noch erkrampft oder durch grossen Schmerz erzwungen werden m\u00fcssen. Ich suchte nach einer sanften, feinf\u00fchligen und meist einfachen Art Ver\u00e4nderungen und L\u00f6sungen zu erm\u00f6glichen. <\/p>\n<p>Auf dieser Suche wurde meine Intuition und das Vertrauen in mich und meine F\u00e4higkeiten gest\u00e4rkt. W\u00e4hrend den systemisch-schamanischen Einzelaufstellungen kam es des \u00d6fteren vor, dass ich Bilder, Gef\u00fchle oder Hinweise wahrgenommen habe, die weit \u00fcber das hinaus gingen, was ich von meinem Klienten erfahren habe.<\/p>\n<p>Zu Beginn habe ich diese Erlebnisse nur als intensives \"Lesen\" des Systems interpretiert. Ich ben\u00f6tigte ein weiteres Seminar, viele wundervolle Momenten w\u00e4hrend diesen zwei Tagen und eine gewisse Zeit des Erfassens und Verstehens.<\/p>\n<p>Dann, in einem stillen Moment, dem Wind und den Wellen des Atlantik lauschend in meiner Seelenheimat, wurde mir klar, woher diese Botschaften kommen - Es ist das Fl\u00fcstern der Seele. <\/p>\n<p>Ich kehre in mich, h\u00f6re und f\u00fchle hin, lausche und schliesse die Augen - vertraue, empfange und gebe weiter. Sachte begannen die ersten bewussten Seelenfl\u00fcstereien. Die positiven und emotionalen R\u00fcckmeldungen der Menschen, die mir erlaubt haben mit ihren Seelen zu sprechen, haben mich \u00fcberw\u00e4ltigt.<\/p>\n<p>Heute h\u00f6re ich die Seelen laut und deutlich, wenn mein Gegen\u00fcber mir erlaubt mit seiner Seele zu fl\u00fcstern. Sie helfen mit Botschaften, Hinweisen, Ritualen und sensibilisieren die Hinh\u00f6renden, sich wieder mit der eigenen Seele zu verbinden. Die Seelen wollen wahrgenommen werden und uns helfen unseren Seelenweg zu gehen. Unsere Berufung zu leben und gl\u00fccklich zu sein.<\/p>\n<p>Also wie genau mache ich das? - Ich weiss es nicht, es ist einfach da. Es fliesst durch mich. Ich vertraue und ich tue es... - Danke euch, f\u00fcr euer Vertrauen.<\/p>\n<p>Hier geht es zu den Detailinformationen zu diesem Angebot: <a href=\"https:\/\/annamcara.ch\/htm\/seelengefluester\/\" title=\"Link zur Detailseite - Angebot -Seelengefl\u00fcster\">Seelengefl\u00fcster<\/a><\/p>\n<p>Weiterhin wundervolle Rauhn\u00e4chte und einen beschwingten \u00dcbergang ins neue Jahr.<br \/>\nWir h\u00f6ren, sehen und finden uns im 2019.<\/p>\n<p>Herzlichst Anna<\/p>\n<\/div>\n<\/div><\/div><\/div><\/div><\/div>","protected":false},"excerpt":{"rendered":"<p>&#8222;Wie fl\u00fcsterst du, sprichst du?&#8220; &#8211; &#8222;Wie funktioniert das?&#8220; &#8211; &#8222;Wie machst du das genau?&#8220; werde ich immer wieder gefragt. Genau diese Fragen besch\u00e4ftigen mich in dieser Zeit der Ruhe, der Rauhn\u00e4chte. Dass ich eine Seelenfl\u00fcsterin \/ Seelenfreundin bin, war mir nicht klar. Klar war mir aber seit geraumer Zeit, dass L\u00f6sungen f\u00fcr Probleme weder &hellip; <\/p>\n<p class=\"link-more\"><a href=\"https:\/\/annamcara.ch\/htm\/2018\/seelengefluester\/\" class=\"more-link\"><span class=\"screen-reader-text\">\u201eSeelengefl\u00fcster\u201c<\/span> weiterlesen<\/a><\/p>\n","protected":false},"author":2,"featured_media":0,"comment_status":"closed","ping_status":"closed","sticky":false,"template":"","format":"standard","meta":{"ngg_post_thumbnail":0,"footnotes":""},"categories":[412],"tags":[],"class_list":["post-1862","post","type-post","status-publish","format-standard","hentry","category-412"],"_links":{"self":[{"href":"https:\/\/annamcara.ch\/htm\/wp-json\/wp\/v2\/posts\/1862","targetHints":{"allow":["GET"]}}],"collection":[{"href":"https:\/\/annamcara.ch\/htm\/wp-json\/wp\/v2\/posts"}],"about":[{"href":"https:\/\/annamcara.ch\/htm\/wp-json\/wp\/v2\/types\/post"}],"author":[{"embeddable":true,"href":"https:\/\/annamcara.ch\/htm\/wp-json\/wp\/v2\/users\/2"}],"replies":[{"embeddable":true,"href":"https:\/\/annamcara.ch\/htm\/wp-json\/wp\/v2\/comments?post=1862"}],"version-history":[{"count":21,"href":"https:\/\/annamcara.ch\/htm\/wp-json\/wp\/v2\/posts\/1862\/revisions"}],"predecessor-version":[{"id":17377,"href":"https:\/\/annamcara.ch\/htm\/wp-json\/wp\/v2\/posts\/1862\/revisions\/17377"}],"wp:attachment":[{"href":"https:\/\/annamcara.ch\/htm\/wp-json\/wp\/v2\/media?parent=1862"}],"wp:term":[{"taxonomy":"category","embeddable":true,"href":"https:\/\/annamcara.ch\/htm\/wp-json\/wp\/v2\/categories?post=1862"},{"taxonomy":"post_tag","embeddable":true,"href":"https:\/\/annamcara.ch\/htm\/wp-json\/wp\/v2\/tags?post=1862"}],"curies":[{"name":"wp","href":"https:\/\/api.w.org\/{rel}","templated":true}]}}