{"id":18061,"date":"2024-03-29T13:00:41","date_gmt":"2024-03-29T12:00:41","guid":{"rendered":"https:\/\/annamcara.ch\/htm\/?p=18061"},"modified":"2024-04-03T15:53:55","modified_gmt":"2024-04-03T14:53:55","slug":"graffito-kw13-2024","status":"publish","type":"post","link":"https:\/\/annamcara.ch\/htm\/2024\/graffito-kw13-2024\/","title":{"rendered":"Graffito &#8211; KW 13 &#8211; 2024"},"content":{"rendered":"<div id=\"pl-18061\"  class=\"panel-layout\" ><div id=\"pg-18061-0\"  class=\"panel-grid panel-no-style\" ><div id=\"pgc-18061-0-0\"  class=\"panel-grid-cell\" ><div id=\"panel-18061-0-0-0\" class=\"so-panel widget widget_sow-editor panel-first-child\" data-index=\"0\" ><div\n\t\t\t\n\t\t\tclass=\"so-widget-sow-editor so-widget-sow-editor-base\"\n\t\t\t\n\t\t>\n<div class=\"siteorigin-widget-tinymce textwidget\">\n\t<h3>Graffiti auf meinem Weg<\/h3>\n<p>Liebe Freunde<\/p>\n<p>Auf dem Hundespaziergang, mit vielen Schnuffelhalts und Pipi-Stopps, sind wir auf dieses Graffito gestossen, schon fast total mit Efeu \u00fcberwachsen. Aber ihr kennt mich ja unterdessen. Zack den Fotoapparat gez\u00fcckt und schnell festhalten. In einem Wald, an einem meiner Lieblingsspazierwege in Gwatt bei Thun. Dieser Weg f\u00fchrt durch den Wald direkt an den See. Einfach herrlich!<\/p>\n<p><img decoding=\"async\" class=\"aligncenter\" src=\"https:\/\/annamcara.ch\/htm\/wp-content\/uploads\/AmC-Graffito-Gwatt-Am-Weekendweg.jpg\" alt=\"Anna'mCara-Blog - Graffiti - Wochen-Challenge KW13 \/ 2024\"\/><\/p>\n<\/div>\n<\/div><\/div><div id=\"panel-18061-0-0-1\" class=\"so-panel widget widget_sow-editor panel-last-child\" data-index=\"1\" ><div\n\t\t\t\n\t\t\tclass=\"so-widget-sow-editor so-widget-sow-editor-base\"\n\t\t\t\n\t\t><h3 class=\"widget-title\">KW 13 \/ 2024 - Graffito - Gwatt b.Thun<\/h3>\n<div class=\"siteorigin-widget-tinymce textwidget\">\n\t<p>Graffito in Gwatt b. Thun - Am Weekendweg - Schweiz<\/p>\n<hr \/>\n<\/div>\n<\/div><\/div><\/div><\/div><div id=\"pg-18061-1\"  class=\"panel-grid panel-no-style\" ><div id=\"pgc-18061-1-0\"  class=\"panel-grid-cell\" ><div id=\"panel-18061-1-0-0\" class=\"so-panel widget widget_sow-editor panel-first-child\" data-index=\"2\" ><div\n\t\t\t\n\t\t\tclass=\"so-widget-sow-editor so-widget-sow-editor-base\"\n\t\t\t\n\t\t>\n<div class=\"siteorigin-widget-tinymce textwidget\">\n\t<p><span style=\"font-size: 0.7rem;\">(Beitrag kann unbezahlte und\/oder unbeauftragte Werbung wegen Namensnennung, Produkterkennung und\/oder Verlinkung enthalten.)<\/span><\/p>\n<p>Ich freu mich auf eure Bilder.<\/p>\n<\/div>\n<\/div><\/div><div id=\"panel-18061-1-0-1\" class=\"so-panel widget widget_sow-editor\" data-index=\"3\" ><div\n\t\t\t\n\t\t\tclass=\"so-widget-sow-editor so-widget-sow-editor-base\"\n\t\t\t\n\t\t>\n<div class=\"siteorigin-widget-tinymce textwidget\">\n\t<p>Ich w\u00fcnsche euch ein sch\u00f6nes, genussvolles und entspanntes Osterwochenende!<\/p>\n<p>Herzlichst, Anna<\/p>\n<\/div>\n<\/div><\/div><div id=\"panel-18061-1-0-2\" class=\"so-panel widget widget_sow-editor panel-last-child\" data-index=\"4\" ><div\n\t\t\t\n\t\t\tclass=\"so-widget-sow-editor so-widget-sow-editor-base\"\n\t\t\t\n\t\t>\n<div class=\"siteorigin-widget-tinymce textwidget\">\n\t<hr \/>\n<p><!-- start InLinkz code --><\/p>\n<div class=\"inlinkz-widget\" data-uuid=\"862d8d0de2cb4a6689f72cb5b5051da2\" style=\"width:100%;margin:30px 0;background-color:#eceff1;border-radius:7px;text-align:center;font-size:16px;font-family:'Helvetica Neue',Helvetica,Arial,sans-serif\">\n<div style=\"padding:8px;\">\n<p style=\"margin-bottom:15px;\">You are invited to the <strong>Inlinkz<\/strong> link party!<\/p>\n<p><a href=\"https:\/\/fresh.inlinkz.com\/p\/862d8d0de2cb4a6689f72cb5b5051da2\" target=\"_blank\" rel=\"nofollow noopener\" style=\"padding:5px 20px;background:#209cee;text-decoration:none;color:#efefef;border-radius:4px;\">Click here to enter<\/a><\/div>\n<\/div>\n<p><span style=\"display: none;\"><script async=\"true\" src=\"https:\/\/fresh.inlinkz.com\/js\/widget\/load.js?id=c0efdbe6b4add43dd7ef\"><\/script><\/span><br \/>\n<!-- end InLinkz code --><\/p>\n<\/div>\n<\/div><\/div><\/div><\/div><\/div>","protected":false},"excerpt":{"rendered":"<p>Graffiti auf meinem Weg Liebe Freunde Auf dem Hundespaziergang, mit vielen Schnuffelhalts und Pipi-Stopps, sind wir auf dieses Graffito gestossen, schon fast total mit Efeu \u00fcberwachsen. Aber ihr kennt mich ja unterdessen. Zack den Fotoapparat gez\u00fcckt und schnell festhalten. In einem Wald, an einem meiner Lieblingsspazierwege in Gwatt bei Thun. Dieser Weg f\u00fchrt durch den &hellip; <\/p>\n<p class=\"link-more\"><a href=\"https:\/\/annamcara.ch\/htm\/2024\/graffito-kw13-2024\/\" class=\"more-link\"><span class=\"screen-reader-text\">\u201eGraffito &#8211; KW 13 &#8211; 2024\u201c<\/span> weiterlesen<\/a><\/p>\n","protected":false},"author":1,"featured_media":0,"comment_status":"open","ping_status":"open","sticky":false,"template":"","format":"standard","meta":{"ngg_post_thumbnail":0,"footnotes":""},"categories":[425,442],"tags":[298,289,307,299,62,60,308,273,306],"class_list":["post-18061","post","type-post","status-publish","format-standard","hentry","category-425","category-graffiti-challenge","tag-298","tag-blog-challenge","tag-erinnerung","tag-foto-challenge","tag-fotografie","tag-fotos","tag-herzenscollage","tag-jahresprojekt","tag-monatscollage"],"_links":{"self":[{"href":"https:\/\/annamcara.ch\/htm\/wp-json\/wp\/v2\/posts\/18061","targetHints":{"allow":["GET"]}}],"collection":[{"href":"https:\/\/annamcara.ch\/htm\/wp-json\/wp\/v2\/posts"}],"about":[{"href":"https:\/\/annamcara.ch\/htm\/wp-json\/wp\/v2\/types\/post"}],"author":[{"embeddable":true,"href":"https:\/\/annamcara.ch\/htm\/wp-json\/wp\/v2\/users\/1"}],"replies":[{"embeddable":true,"href":"https:\/\/annamcara.ch\/htm\/wp-json\/wp\/v2\/comments?post=18061"}],"version-history":[{"count":1,"href":"https:\/\/annamcara.ch\/htm\/wp-json\/wp\/v2\/posts\/18061\/revisions"}],"predecessor-version":[{"id":18062,"href":"https:\/\/annamcara.ch\/htm\/wp-json\/wp\/v2\/posts\/18061\/revisions\/18062"}],"wp:attachment":[{"href":"https:\/\/annamcara.ch\/htm\/wp-json\/wp\/v2\/media?parent=18061"}],"wp:term":[{"taxonomy":"category","embeddable":true,"href":"https:\/\/annamcara.ch\/htm\/wp-json\/wp\/v2\/categories?post=18061"},{"taxonomy":"post_tag","embeddable":true,"href":"https:\/\/annamcara.ch\/htm\/wp-json\/wp\/v2\/tags?post=18061"}],"curies":[{"name":"wp","href":"https:\/\/api.w.org\/{rel}","templated":true}]}}