{"id":14974,"date":"2022-09-24T09:38:34","date_gmt":"2022-09-24T08:38:34","guid":{"rendered":"https:\/\/annamcara.ch\/htm\/?p=14974"},"modified":"2023-12-07T15:49:22","modified_gmt":"2023-12-07T14:49:22","slug":"pilzburger","status":"publish","type":"post","link":"https:\/\/annamcara.ch\/htm\/veganekochecke\/pilzburger\/","title":{"rendered":"Veganes 2022 &#8211; September"},"content":{"rendered":"<div id=\"pl-14974\"  class=\"panel-layout\" ><div id=\"pg-14974-0\"  class=\"panel-grid panel-no-style\" ><div id=\"pgc-14974-0-0\"  class=\"panel-grid-cell\" ><div id=\"panel-14974-0-0-0\" class=\"so-panel widget widget_sow-editor panel-first-child panel-last-child\" data-index=\"0\" ><div\n\t\t\t\n\t\t\tclass=\"so-widget-sow-editor so-widget-sow-editor-base\"\n\t\t\t\n\t\t>\n<div class=\"siteorigin-widget-tinymce textwidget\">\n\t<h3><strong>Veganer pulled Burger (Pilz) mit Kartoffelschnitzen<\/strong><\/h3>\n<p>Dank einer lieben Freundin bin ich auf dieses Rezept aufmerksam geworden. Wie immer hab ich nach dem Originalrezept weitere Varianten ausprobiert. So oder so, es ist echt lecker. Und ich bin froh, dass ich \"das Fleisch aus dem Wald\"&nbsp; kennenlernen durfte. Hier werde ich mich weiter vertiefen. Pilze lieb ich ja so oder so, ob gef\u00fcllt, im Risotto oder eben als Burger. Oder wie w\u00e4re es mit einem Pilzschnitzel?<\/p>\n<p><img decoding=\"async\" src=\"https:\/\/annamcara.ch\/htm\/wp-content\/uploads\/AnnamCara-Blog-Veganes2022-September-Header.jpg\" alt=\"Anna'mCara-Blog - Rezepte - Header - Pulled Pilz-Burger\" width=\"100%\" height=\"100%\" align=\"center\"\/><\/p>\n<\/div>\n<\/div><\/div><\/div><\/div><div id=\"pg-14974-1\"  class=\"panel-grid panel-no-style\" ><div id=\"pgc-14974-1-0\"  class=\"panel-grid-cell\" ><div id=\"panel-14974-1-0-0\" class=\"so-panel widget widget_sow-editor panel-first-child panel-last-child\" data-index=\"1\" ><div\n\t\t\t\n\t\t\tclass=\"so-widget-sow-editor so-widget-sow-editor-base\"\n\t\t\t\n\t\t>\n<div class=\"siteorigin-widget-tinymce textwidget\">\n\t<p>Nat\u00fcrlich ben\u00f6tigen wir f\u00fcr diesen feinen Burger Pilze. Einerseits schmeckt der Burger mit Austernpilzen aber auch mit Kr\u00e4uterseiblingen.<\/p>\n<p>F\u00fcr einen richtigen Burger braucht man auch eine richtig feine <a title=\"Link auf Anna'mCara zum Rezept - Vegane Barbecue Sauce\" href=\"#barbe\" rel=\"noopener\">vegane Barbecue Sauce<\/a>, und feine \"<a title=\"Link auf Anna'mCara zum Rezept von veganem Coleslaw\" href=\"#cole\" rel=\"noopener\">veganes Coleslaw<\/a>\".<\/p>\n<p>Zu den Kartoffelschnitzen passt wunderbar die <a title=\"Link auf Anna'mCara zum Rezept der veganen roten Butter\" href=\"#bei\" rel=\"noopener\">roter Butter<\/a> oder die <a title=\"Link auf Anna'mCara zum Rezept der veganen Cr\u00e8me fraiche\" href=\"https:\/\/annamcara.ch\/htm\/veganes2022\/kartoffel-erbsen-taler\/#bei2\" rel=\"noopener\">vegane Mayonnaise<\/a> mit Schnittlauch und etwas Kr\u00e4utern!<\/p>\n<\/div>\n<\/div><\/div><\/div><div id=\"pgc-14974-1-1\"  class=\"panel-grid-cell\" ><div id=\"panel-14974-1-1-0\" class=\"so-panel widget widget_sow-image panel-first-child panel-last-child\" data-index=\"2\" ><div\n\t\t\t\n\t\t\tclass=\"so-widget-sow-image so-widget-sow-image-default-8b5b6f678277-14974\"\n\t\t\t\n\t\t>\n<div class=\"sow-image-container\">\n\t\t<img \n\tsrc=\"https:\/\/annamcara.ch\/htm\/wp-content\/uploads\/AnnamCara-Blog-Veganes2022-Banner-Haupt-Speise.png\" width=\"1259\" height=\"737\" srcset=\"https:\/\/annamcara.ch\/htm\/wp-content\/uploads\/AnnamCara-Blog-Veganes2022-Banner-Haupt-Speise.png 1259w, https:\/\/annamcara.ch\/htm\/wp-content\/uploads\/AnnamCara-Blog-Veganes2022-Banner-Haupt-Speise-300x176.png 300w, https:\/\/annamcara.ch\/htm\/wp-content\/uploads\/AnnamCara-Blog-Veganes2022-Banner-Haupt-Speise-1024x599.png 1024w, https:\/\/annamcara.ch\/htm\/wp-content\/uploads\/AnnamCara-Blog-Veganes2022-Banner-Haupt-Speise-768x450.png 768w\" sizes=\"(max-width: 706px) 89vw, (max-width: 767px) 82vw, 740px\" title=\"Anna&#039;mCara - Blog-Challenge - Veganes 2022 - Banner - Hauptspeise\" alt=\"Anna&#039;mCara - Blog-Challenge - Veganes 2022 - Banner - Hauptspeise\" \t\tclass=\"so-widget-image\"\/>\n\t<\/div>\n\n<\/div><\/div><\/div><\/div><div id=\"pg-14974-2\"  class=\"panel-grid panel-no-style\" ><div id=\"pgc-14974-2-0\"  class=\"panel-grid-cell\" ><div id=\"panel-14974-2-0-0\" class=\"so-panel widget widget_sow-editor panel-first-child panel-last-child\" data-index=\"3\" ><div\n\t\t\t\n\t\t\tclass=\"so-widget-sow-editor so-widget-sow-editor-base\"\n\t\t\t\n\t\t>\n<div class=\"siteorigin-widget-tinymce textwidget\">\n\t<hr \/>\n<\/div>\n<\/div><\/div><\/div><\/div><div id=\"pg-14974-3\"  class=\"panel-grid panel-no-style\" ><div id=\"pgc-14974-3-0\"  class=\"panel-grid-cell\" ><div id=\"panel-14974-3-0-0\" class=\"so-panel widget widget_sow-editor panel-first-child panel-last-child\" data-index=\"4\" ><div\n\t\t\t\n\t\t\tclass=\"so-widget-sow-editor so-widget-sow-editor-base\"\n\t\t\t\n\t\t>\n<div class=\"siteorigin-widget-tinymce textwidget\">\n\t<h3><strong>Grundrezept - Veganer pulled Burger<\/strong><\/h3>\n<\/div>\n<\/div><\/div><\/div><\/div><div id=\"pg-14974-4\"  class=\"panel-grid panel-no-style\" ><div id=\"pgc-14974-4-0\"  class=\"panel-grid-cell\" ><div id=\"panel-14974-4-0-0\" class=\"so-panel widget widget_sow-image panel-first-child panel-last-child\" data-index=\"5\" ><div\n\t\t\t\n\t\t\tclass=\"so-widget-sow-image so-widget-sow-image-default-8b5b6f678277-14974\"\n\t\t\t\n\t\t>\n<div class=\"sow-image-container\">\n\t\t<img \n\tsrc=\"https:\/\/annamcara.ch\/htm\/wp-content\/uploads\/AnnamCara-Blog-Veganes2022-September-Austernpilze.jpg\" width=\"900\" height=\"600\" srcset=\"https:\/\/annamcara.ch\/htm\/wp-content\/uploads\/AnnamCara-Blog-Veganes2022-September-Austernpilze.jpg 900w, https:\/\/annamcara.ch\/htm\/wp-content\/uploads\/AnnamCara-Blog-Veganes2022-September-Austernpilze-300x200.jpg 300w, https:\/\/annamcara.ch\/htm\/wp-content\/uploads\/AnnamCara-Blog-Veganes2022-September-Austernpilze-768x512.jpg 768w, https:\/\/annamcara.ch\/htm\/wp-content\/uploads\/AnnamCara-Blog-Veganes2022-September-Austernpilze-272x182.jpg 272w\" sizes=\"(max-width: 706px) 89vw, (max-width: 767px) 82vw, 740px\" title=\"Anna&#039;mCara-Blog - Veganes 2022 - Pulled Pilz-Burger - Zutaten Austernpilze\" alt=\"Anna&#039;mCara-Blog - Veganes 2022 - Pulled Pilz-Burger - Zutaten Austernpilze\" \t\tclass=\"so-widget-image\"\/>\n\t<\/div>\n\n<\/div><\/div><\/div><div id=\"pgc-14974-4-1\"  class=\"panel-grid-cell\" ><div id=\"panel-14974-4-1-0\" class=\"so-panel widget widget_sow-editor panel-first-child panel-last-child\" data-index=\"6\" ><div\n\t\t\t\n\t\t\tclass=\"so-widget-sow-editor so-widget-sow-editor-base\"\n\t\t\t\n\t\t>\n<div class=\"siteorigin-widget-tinymce textwidget\">\n\t<h3>Zutaten f\u00fcr 2 Portionen:<\/h3>\n<p>500g festkochende Kartoffeln<br \/>\n250 g Austernpilze<br \/>\n2-3 EL Pflanzen\u00f6l<br \/>\n1 TL Paprikapulver (edels\u00fcss)<br \/>\nSalz, Kr\u00e4uter aus der Provence, Pfeffer<\/p>\n<p><a href=\"https:\/\/annamcara.ch\/htm\/veganes2022\/kartoffel-erbsen-taler\/#bei2\" rel=\"noopener\" target=\"_blank\">vegane Mayonnaise<\/a><br \/>\nSchnittlauch, geschnitten<br \/>\n<a href=\"#barbe\">vegane Barbecue Sauce<\/a><br \/>\n<a href=\"#cole\">veganer Coleslaw-Salat<\/a><br \/>\n1 Tomate<br \/>\n2 Burgerbr\u00f6tchen<br \/>\n4 Kopfsalat-Bl\u00e4tter<\/p>\n<\/div>\n<\/div><\/div><\/div><\/div><div id=\"pg-14974-5\"  class=\"panel-grid panel-no-style\" ><div id=\"pgc-14974-5-0\"  class=\"panel-grid-cell\" ><div id=\"panel-14974-5-0-0\" class=\"so-panel widget widget_sow-editor panel-first-child panel-last-child\" data-index=\"7\" ><div\n\t\t\t\n\t\t\tclass=\"so-widget-sow-editor so-widget-sow-editor-base\"\n\t\t\t\n\t\t><h3 class=\"widget-title\">Zubereitung:<\/h3>\n<div class=\"siteorigin-widget-tinymce textwidget\">\n\t<p>Pilze auf einem mit Backpapier belegtem Blech verteilen und im vorgeheizten Ofen bei 160 Grad (Umluft 140 Grad) in der Mitte des Ofens ca. 45 Minuten trocknen lassen. In der Zwischenzeit die<br \/>\nKartoffeln sch\u00e4len, waschen und in Schnitze schneiden. In eine Sch\u00fcssel geben, mit 2-3 EL \u00d6l, Paprikapulver, Kr\u00e4uter, Salz und Pfeffer w\u00fcrzen, gut mischen.<br \/>\nNun das vegane Coleslaw vorbereiten. Die Pilze aus dem Ofen nehmen, mit dem Backpapier vom Blech ziehen und abk\u00fchlen lassen. Dann ein neues Backpapier auf das Blech legen. Den Ofen nun auf 200 Grad (Umluft 180 Grad) vorheizen. Die Kartoffeln auf dem Blech verteilen und im heissen Ofen nun f\u00fcr 45 Minuten in der Mitte des Ofens backen.<br \/>\nDie vegane Mayonnaise zubereiten, die Barbecue Sauce zusammenr\u00fchren und die Tomaten ins Scheiben schneiden. Alle Zutaten, wer mag kann dazu veganen Speck aus Karotten vorbereiten, veganen K\u00e4se, die Br\u00f6tchen aufschneiden und kurz auf dem Blech toasten.<br \/>\nNun die Pilze mit der Gaben zerzupfen und diese mit etwas Barbecue Sauce mischen. Dann die Br\u00f6tchen bereitlegen. Mit je 2 EL Mayonnaise bestreichen, Salatbl\u00e4tter und Tomatenscheiben darauf geben. Dann die \"gepullten\" Pilze darauf verteilen und 1-2 EL Coleslaw draufgeben und den Burger mit der zweiten H\u00e4lfte des Br\u00f6tchens decken. Dazu die Kartoffelschnitze mit Mayo, Barbecuesauce und\/oder roter Butter servieren.<\/p>\n<p><strong>Anregung:<\/strong><br \/>\nWer es vegetarisch geniessen m\u00f6chte, kann gut auch noch etwas geriebenen K\u00e4se dar\u00fcber streuen und ein Spiegelei oben drauf geben. Geht nat\u00fcrlich auch mit veganem K\u00e4se.<\/p>\n<\/div>\n<\/div><\/div><\/div><\/div><div id=\"pg-14974-6\"  class=\"panel-grid panel-no-style\" ><div id=\"pgc-14974-6-0\"  class=\"panel-grid-cell\" ><div id=\"panel-14974-6-0-0\" class=\"so-panel widget widget_sow-editor panel-first-child panel-last-child\" data-index=\"8\" ><div\n\t\t\t\n\t\t\tclass=\"so-widget-sow-editor so-widget-sow-editor-base\"\n\t\t\t\n\t\t>\n<div class=\"siteorigin-widget-tinymce textwidget\">\n\t<hr \/>\n<\/div>\n<\/div><\/div><\/div><\/div><div id=\"pg-14974-7\"  class=\"panel-grid panel-no-style\" ><div id=\"pgc-14974-7-0\"  class=\"panel-grid-cell\" ><div id=\"panel-14974-7-0-0\" class=\"so-panel widget widget_sow-editor panel-first-child panel-last-child\" data-index=\"9\" ><div\n\t\t\t\n\t\t\tclass=\"so-widget-sow-editor so-widget-sow-editor-base\"\n\t\t\t\n\t\t>\n<div class=\"siteorigin-widget-tinymce textwidget\">\n\t<h3 id=\"barbe\"><strong>Vegane Barbecue Sauce<\/strong><\/h3>\n<\/div>\n<\/div><\/div><\/div><\/div><div id=\"pg-14974-8\"  class=\"panel-grid panel-no-style\" ><div id=\"pgc-14974-8-0\"  class=\"panel-grid-cell\" ><div id=\"panel-14974-8-0-0\" class=\"so-panel widget widget_sow-image panel-first-child panel-last-child\" data-index=\"10\" ><div\n\t\t\t\n\t\t\tclass=\"so-widget-sow-image so-widget-sow-image-default-8b5b6f678277-14974\"\n\t\t\t\n\t\t>\n<div class=\"sow-image-container\">\n\t\t<img \n\tsrc=\"https:\/\/annamcara.ch\/htm\/wp-content\/uploads\/AnnamCara-Blog-Veganes2022-September-Barbecue.jpg\" width=\"900\" height=\"600\" srcset=\"https:\/\/annamcara.ch\/htm\/wp-content\/uploads\/AnnamCara-Blog-Veganes2022-September-Barbecue.jpg 900w, https:\/\/annamcara.ch\/htm\/wp-content\/uploads\/AnnamCara-Blog-Veganes2022-September-Barbecue-300x200.jpg 300w, https:\/\/annamcara.ch\/htm\/wp-content\/uploads\/AnnamCara-Blog-Veganes2022-September-Barbecue-768x512.jpg 768w, https:\/\/annamcara.ch\/htm\/wp-content\/uploads\/AnnamCara-Blog-Veganes2022-September-Barbecue-272x182.jpg 272w\" sizes=\"(max-width: 706px) 89vw, (max-width: 767px) 82vw, 740px\" title=\"Anna&#039;mCara-Blog - Veganes 2022 - Pulled Pilz-Burger - Zutaten Barbecue Sauce\" alt=\"Anna&#039;mCara-Blog - Veganes 2022 - Pulled Pilz-Burger - Zutaten Barbecue Sauce\" \t\tclass=\"so-widget-image\"\/>\n\t<\/div>\n\n<\/div><\/div><\/div><div id=\"pgc-14974-8-1\"  class=\"panel-grid-cell\" ><div id=\"panel-14974-8-1-0\" class=\"so-panel widget widget_sow-editor panel-first-child panel-last-child\" data-index=\"11\" ><div\n\t\t\t\n\t\t\tclass=\"so-widget-sow-editor so-widget-sow-editor-base\"\n\t\t\t\n\t\t>\n<div class=\"siteorigin-widget-tinymce textwidget\">\n\t<p><strong>Zutaten f\u00fcr 4 Portionen:<\/strong><br \/>\n4-5 EL Ketchup<br \/>\n1 EL Melasse<br \/>\n1 EL brauner Zucker<br \/>\n1 EL Sesam\u00f6l<br \/>\n1 EL Sojasauce<br \/>\n2 EL milden Senf<br \/>\n4 TL Dijonsenf<br \/>\n1 TL ger\u00e4uchertes Paprikapulver<br \/>\n1\/2 TL Knoblauchpulver<br \/>\n1\/2 TL Cayennepfeffer<br \/>\n1\/4 TL Zimtpulver<br \/>\n1\/4 TL Kreuzk\u00fcmmelpulver<br \/>\n1 Messerspitze Fl\u00fcssigrauch (optional)<\/p>\n<\/div>\n<\/div><\/div><\/div><\/div><div id=\"pg-14974-9\"  class=\"panel-grid panel-no-style\" ><div id=\"pgc-14974-9-0\"  class=\"panel-grid-cell\" ><div id=\"panel-14974-9-0-0\" class=\"so-panel widget widget_sow-editor panel-first-child panel-last-child\" data-index=\"12\" ><div\n\t\t\t\n\t\t\tclass=\"so-widget-sow-editor so-widget-sow-editor-base\"\n\t\t\t\n\t\t>\n<div class=\"siteorigin-widget-tinymce textwidget\">\n\t<p><strong>Zubereitung<\/strong><br \/>\nGib alle Zutaten in eine kleine Pfanne. Alles zum Kochen bringen, dann die Hitze reduzieren und f\u00fcr 10 Minuten leicht k\u00f6cheln lassen. Gelegentlich umr\u00fchren.<br \/>\nWird die Sauce heiss in ein Schraubglas gef\u00fcllt, ist sie bis zu 2 Wochen im K\u00fchlschrank haltbar.<\/p>\n<\/div>\n<\/div><\/div><\/div><\/div><div id=\"pg-14974-10\"  class=\"panel-grid panel-no-style\" ><div id=\"pgc-14974-10-0\"  class=\"panel-grid-cell\" ><div id=\"panel-14974-10-0-0\" class=\"so-panel widget widget_sow-editor panel-first-child panel-last-child\" data-index=\"13\" ><div\n\t\t\t\n\t\t\tclass=\"so-widget-sow-editor so-widget-sow-editor-base\"\n\t\t\t\n\t\t>\n<div class=\"siteorigin-widget-tinymce textwidget\">\n\t<hr \/>\n<\/div>\n<\/div><\/div><\/div><\/div><div id=\"pg-14974-11\"  class=\"panel-grid panel-no-style\" ><div id=\"pgc-14974-11-0\"  class=\"panel-grid-cell\" ><div id=\"panel-14974-11-0-0\" class=\"so-panel widget widget_sow-editor panel-first-child panel-last-child\" data-index=\"14\" ><div\n\t\t\t\n\t\t\tclass=\"so-widget-sow-editor so-widget-sow-editor-base\"\n\t\t\t\n\t\t>\n<div class=\"siteorigin-widget-tinymce textwidget\">\n\t<h3 id=\"cole\"><strong>Veganes Coleslaw<\/strong><\/h3>\n<\/div>\n<\/div><\/div><\/div><\/div><div id=\"pg-14974-12\"  class=\"panel-grid panel-no-style\" ><div id=\"pgc-14974-12-0\"  class=\"panel-grid-cell\" ><div id=\"panel-14974-12-0-0\" class=\"so-panel widget widget_sow-image panel-first-child panel-last-child\" data-index=\"15\" ><div\n\t\t\t\n\t\t\tclass=\"so-widget-sow-image so-widget-sow-image-default-8b5b6f678277-14974\"\n\t\t\t\n\t\t>\n<div class=\"sow-image-container\">\n\t\t<img \n\tsrc=\"https:\/\/annamcara.ch\/htm\/wp-content\/uploads\/AnnamCara-Blog-Veganes2022-September-Coleslaw.jpg\" width=\"900\" height=\"600\" srcset=\"https:\/\/annamcara.ch\/htm\/wp-content\/uploads\/AnnamCara-Blog-Veganes2022-September-Coleslaw.jpg 900w, https:\/\/annamcara.ch\/htm\/wp-content\/uploads\/AnnamCara-Blog-Veganes2022-September-Coleslaw-300x200.jpg 300w, https:\/\/annamcara.ch\/htm\/wp-content\/uploads\/AnnamCara-Blog-Veganes2022-September-Coleslaw-768x512.jpg 768w, https:\/\/annamcara.ch\/htm\/wp-content\/uploads\/AnnamCara-Blog-Veganes2022-September-Coleslaw-272x182.jpg 272w\" sizes=\"(max-width: 706px) 89vw, (max-width: 767px) 82vw, 740px\" title=\"Anna&#039;mCara-Blog - Veganes 2022 - Pulled Pilz-Burger - Zutaten Coleslaw\" alt=\"Anna&#039;mCara-Blog - Veganes 2022 - Pulled Pilz-Burger - Zutaten Coleslaw\" \t\tclass=\"so-widget-image\"\/>\n\t<\/div>\n\n<\/div><\/div><\/div><div id=\"pgc-14974-12-1\"  class=\"panel-grid-cell\" ><div id=\"panel-14974-12-1-0\" class=\"so-panel widget widget_sow-editor panel-first-child panel-last-child\" data-index=\"16\" ><div\n\t\t\t\n\t\t\tclass=\"so-widget-sow-editor so-widget-sow-editor-base\"\n\t\t\t\n\t\t>\n<div class=\"siteorigin-widget-tinymce textwidget\">\n\t<p><strong>Zutaten f\u00fcr 4 Portionen:<\/strong><br \/>\n2 R\u00fcebli (Karotten)<br \/>\n300 g Weisskraut<br \/>\n300 g Rotkraut<br \/>\n1\/2 Zwiebel<\/p>\n<p><strong>Dressing:<\/strong><br \/>\n300 g vegane Mayo<br \/>\n1 EL Apfelessig<br \/>\n2 EL Senf<br \/>\n1 EL Reissirup<br \/>\n1 EL Zitronensaft<br \/>\n1 TL Knoblauchpulver<br \/>\n1-2 TL Salz & Pfeffer<br \/>\n1 TL Selleriesalz<\/p>\n<\/div>\n<\/div><\/div><\/div><\/div><div id=\"pg-14974-13\"  class=\"panel-grid panel-no-style\" ><div id=\"pgc-14974-13-0\"  class=\"panel-grid-cell\" ><div id=\"panel-14974-13-0-0\" class=\"so-panel widget widget_sow-editor panel-first-child panel-last-child\" data-index=\"17\" ><div\n\t\t\t\n\t\t\tclass=\"so-widget-sow-editor so-widget-sow-editor-base\"\n\t\t\t\n\t\t>\n<div class=\"siteorigin-widget-tinymce textwidget\">\n\t<p><strong>Zubereitung<\/strong><br \/>\nR\u00fcebli und Zwiebel sch\u00e4len, Strunkansatz bei Weiss- und Rotkraut entfernen. Alles Gem\u00fcse fein raffeln und in eine grosse Sch\u00fcssel geben. In einer kleinen Sch\u00fcssel Mayo und alle Zutaten f\u00fcr das Dressing gut miteinander verr\u00fchren und abschmecken. Das Dressing \u00fcber den Salat geben und gr\u00fcndlich miteinander vermischen. Dann den Coleslaw mindestens 1 Stunde im K\u00fchlschrank ziehen lassen. Vor dem Servieren nochmals mit Salz und Pfeffer abschmecken.<\/p>\n<\/div>\n<\/div><\/div><\/div><\/div><div id=\"pg-14974-14\"  class=\"panel-grid panel-no-style\" ><div id=\"pgc-14974-14-0\"  class=\"panel-grid-cell\" ><div id=\"panel-14974-14-0-0\" class=\"so-panel widget widget_sow-editor panel-first-child panel-last-child\" data-index=\"18\" ><div\n\t\t\t\n\t\t\tclass=\"so-widget-sow-editor so-widget-sow-editor-base\"\n\t\t\t\n\t\t>\n<div class=\"siteorigin-widget-tinymce textwidget\">\n\t<hr \/>\n<\/div>\n<\/div><\/div><\/div><\/div><div id=\"pg-14974-15\"  class=\"panel-grid panel-no-style\" ><div id=\"pgc-14974-15-0\"  class=\"panel-grid-cell\" ><div id=\"panel-14974-15-0-0\" class=\"so-panel widget widget_sow-editor panel-first-child\" data-index=\"19\" ><div\n\t\t\t\n\t\t\tclass=\"so-widget-sow-editor so-widget-sow-editor-base\"\n\t\t\t\n\t\t>\n<div class=\"siteorigin-widget-tinymce textwidget\">\n\t<p><span style=\"font-size: 0.7rem;\">(Beitrag kann unbezahlte und\/oder unbeauftragte Werbung wegen Namensnennung, Produkterkennung und\/oder Verlinkung enthalten.)<\/span><\/p>\n<p><span style=\"font-size: 0.7rem;\"><strong>WICHTIG:<\/strong><br \/>\nDamit wir diese Linksammlung machen k\u00f6nnen, verwende ich InLinkz. Nat\u00fcrlich werden dabei Daten gespeichert die da sind: <em>IP-Adresse, E-Mail-Adresse, Blogadresse und Zeitpunkt der Verlinkung<\/em><\/span><br \/>\n<span style=\"font-size: 0.7rem;\">Mit der Teilnahme an dieser Linkparty erkl\u00e4rst du dich mit der Speicherung deiner Daten einverstanden. Du kannst deinen eigenen Link jederzeit l\u00f6schen, indem du auf den Papierkorb am rechten Bildrand klickst (beachte: daf\u00fcr musst du in demselben Browser sein, von dem aus du den Link gesetzt hast). Hier noch die <a href=\"https:\/\/fresh.inlinkz.com\/privacy\" target=\"_blank\" rel=\"noopener\">Datenschutzrichtlinie von InLinkz<\/a>.<\/span><\/p>\n<hr \/>\n<p>Geniesst die bunten Herbsttage und lasst es euch gut gehen.&nbsp; \u2665<\/p>\n<p>Herzlichst, Anna<\/p>\n<\/div>\n<\/div><\/div><div id=\"panel-14974-15-0-1\" class=\"so-panel widget widget_sow-editor panel-last-child\" data-index=\"20\" ><div\n\t\t\t\n\t\t\tclass=\"so-widget-sow-editor so-widget-sow-editor-base\"\n\t\t\t\n\t\t>\n<div class=\"siteorigin-widget-tinymce textwidget\">\n\t<hr \/>\n<\/div>\n<\/div><\/div><\/div><\/div><div id=\"pg-14974-16\"  class=\"panel-grid panel-no-style\" ><div id=\"pgc-14974-16-0\"  class=\"panel-grid-cell\" ><div id=\"panel-14974-16-0-0\" class=\"so-panel widget widget_sow-editor panel-first-child panel-last-child\" data-index=\"21\" ><div\n\t\t\t\n\t\t\tclass=\"so-widget-sow-editor so-widget-sow-editor-base\"\n\t\t\t\n\t\t>\n<div class=\"siteorigin-widget-tinymce textwidget\">\n\t<p><!-- start InLinkz code --><\/p>\n<div class=\"inlinkz-widget\" style=\"width: 100%; margin: 30px 0; background-color: #eceff1; border-radius: 7px; text-align: center; font-size: 16px; font-family: 'Helvetica Neue',Helvetica,Arial,sans-serif;\" data-uuid=\"5024c77848af40c9a68cd05fdb2fccd1\">\n<div style=\"padding: 8px;\">\n<p style=\"margin-bottom: 15px;\">You are invited to the <strong>Inlinkz<\/strong> link party!<\/p>\n<p><a style=\"padding: 5px 20px; background: #209cee; text-decoration: none; color: #efefef; border-radius: 4px;\" href=\"https:\/\/fresh.inlinkz.com\/p\/5024c77848af40c9a68cd05fdb2fccd1\" target=\"_blank\" rel=\"nofollow noopener\">Click here to enter<\/a><\/p>\n<\/div>\n<\/div>\n<p><span style=\"display: none;\"><script async=\"true\" src=\"https:\/\/fresh.inlinkz.com\/js\/widget\/load.js?id=a8b40ada7693d64e5923\"><\/script><\/span><br \/>\n<!-- end InLinkz code --><\/p>\n<\/div>\n<\/div><\/div><\/div><\/div><\/div>","protected":false},"excerpt":{"rendered":"<p>Veganer pulled Burger (Pilz) mit Kartoffelschnitzen Dank einer lieben Freundin bin ich auf dieses Rezept aufmerksam geworden. Wie immer hab ich nach dem Originalrezept weitere Varianten ausprobiert. So oder so, es ist echt lecker. Und ich bin froh, dass ich &#8222;das Fleisch aus dem Wald&#8220;&nbsp; kennenlernen durfte. Hier werde ich mich weiter vertiefen. Pilze lieb &hellip; <\/p>\n<p class=\"link-more\"><a href=\"https:\/\/annamcara.ch\/htm\/veganekochecke\/pilzburger\/\" class=\"more-link\"><span class=\"screen-reader-text\">\u201eVeganes 2022 &#8211; September\u201c<\/span> weiterlesen<\/a><\/p>\n","protected":false},"author":1,"featured_media":0,"comment_status":"open","ping_status":"open","sticky":false,"template":"","format":"standard","meta":{"ngg_post_thumbnail":0,"footnotes":""},"categories":[408,278],"tags":[369,343,289,368,345,312,337,367,87,344,290,287,288],"class_list":["post-14974","post","type-post","status-publish","format-standard","hentry","category-408","category-veganekochecke","tag-barbecue","tag-beilagen","tag-blog-challenge","tag-burger","tag-dips","tag-hauptspeise","tag-kartoffeln","tag-pilze","tag-rezepte","tag-salate","tag-vegan","tag-veganes","tag-wissen"],"_links":{"self":[{"href":"https:\/\/annamcara.ch\/htm\/wp-json\/wp\/v2\/posts\/14974","targetHints":{"allow":["GET"]}}],"collection":[{"href":"https:\/\/annamcara.ch\/htm\/wp-json\/wp\/v2\/posts"}],"about":[{"href":"https:\/\/annamcara.ch\/htm\/wp-json\/wp\/v2\/types\/post"}],"author":[{"embeddable":true,"href":"https:\/\/annamcara.ch\/htm\/wp-json\/wp\/v2\/users\/1"}],"replies":[{"embeddable":true,"href":"https:\/\/annamcara.ch\/htm\/wp-json\/wp\/v2\/comments?post=14974"}],"version-history":[{"count":29,"href":"https:\/\/annamcara.ch\/htm\/wp-json\/wp\/v2\/posts\/14974\/revisions"}],"predecessor-version":[{"id":15011,"href":"https:\/\/annamcara.ch\/htm\/wp-json\/wp\/v2\/posts\/14974\/revisions\/15011"}],"wp:attachment":[{"href":"https:\/\/annamcara.ch\/htm\/wp-json\/wp\/v2\/media?parent=14974"}],"wp:term":[{"taxonomy":"category","embeddable":true,"href":"https:\/\/annamcara.ch\/htm\/wp-json\/wp\/v2\/categories?post=14974"},{"taxonomy":"post_tag","embeddable":true,"href":"https:\/\/annamcara.ch\/htm\/wp-json\/wp\/v2\/tags?post=14974"}],"curies":[{"name":"wp","href":"https:\/\/api.w.org\/{rel}","templated":true}]}}