{"id":14570,"date":"2022-08-30T13:00:55","date_gmt":"2022-08-30T12:00:55","guid":{"rendered":"https:\/\/annamcara.ch\/htm\/?p=14570"},"modified":"2022-08-31T13:47:03","modified_gmt":"2022-08-31T12:47:03","slug":"8-12-baumfreunde-2022","status":"publish","type":"post","link":"https:\/\/annamcara.ch\/htm\/12tel-blick-22\/8-12-baumfreunde-2022\/","title":{"rendered":"8. Blick von 12 &#8211; Baumfreunde &#8211; 2022"},"content":{"rendered":"<div id=\"pl-14570\"  class=\"panel-layout\" ><div id=\"pg-14570-0\"  class=\"panel-grid panel-no-style\" ><div id=\"pgc-14570-0-0\"  class=\"panel-grid-cell\" ><div id=\"panel-14570-0-0-0\" class=\"so-panel widget widget_sow-editor panel-first-child\" data-index=\"0\" ><div\n\t\t\t\n\t\t\tclass=\"so-widget-sow-editor so-widget-sow-editor-base\"\n\t\t\t\n\t\t>\n<div class=\"siteorigin-widget-tinymce textwidget\">\n\t<h3>Begleiter - Freunde - Gemeinsam<\/h3>\n<p>Liebe Freunde<\/p>\n<p>Und schon wieder ist ein Monat rum und die neuen 12tel-Blicke wollen gezeigt werden. Hier mein <strong>\u00bbGemeinsam - Baumfreunde - 12tel Blick 2022\u00ab<\/strong>. \u2665<\/p>\n<p><img decoding=\"async\" class=\"aligncenter\" src=\"https:\/\/annamcara.ch\/htm\/wp-content\/uploads\/8-12telBlick-Baumfreunde2022-AnnamCara.jpg\" alt=\"Anna'mCara-Blog - 12tel-Blick Baumfreunde - 8. Blick - August 2022\"\/><\/p>\n<\/div>\n<\/div><\/div><div id=\"panel-14570-0-0-1\" class=\"so-panel widget widget_sow-editor panel-last-child\" data-index=\"1\" ><div\n\t\t\t\n\t\t\tclass=\"so-widget-sow-editor so-widget-sow-editor-base\"\n\t\t\t\n\t\t>\n<div class=\"siteorigin-widget-tinymce textwidget\">\n\t<p><!--\n\n<h3>Gemeinsam - Umarmung - Schutz<\/h3>\n\n\nJedes Mal wenn ich bei meinen \u00bbBaum\u00ab-Freunden unten durch gehe oder fahre f\u00fchle ich diese Geborgenheit, den Schutz und ich f\u00fchle mich umarmt. Ich danke euch, ihr zwei Kr\u00e4ftigen, Tapferen. Denn sie mussten diesen Monat einen h\u00e4sslichen Hagelsturm \u00fcberstehen und das taten sie, gemeinsam, sich haltend und sich sch\u00fctzend. \u2665 --><\/p>\n<\/div>\n<\/div><\/div><\/div><\/div><div id=\"pg-14570-1\"  class=\"panel-grid panel-no-style\" ><div id=\"pgc-14570-1-0\"  class=\"panel-grid-cell\" ><div id=\"panel-14570-1-0-0\" class=\"so-panel widget widget_sow-editor panel-first-child panel-last-child\" data-index=\"2\" ><div\n\t\t\t\n\t\t\tclass=\"so-widget-sow-editor so-widget-sow-editor-base\"\n\t\t\t\n\t\t>\n<div class=\"siteorigin-widget-tinymce textwidget\">\n\t<hr \/>\n<p><img decoding=\"async\" class=\"aligncenter\" src=\"https:\/\/annamcara.ch\/htm\/wp-content\/uploads\/AnnamCara-12telBlick-2022-Baumfreunde-Jahresblick_0812.jpg\" alt=\"Anna'mCara-Blog - 12tel-Blick - Jahresblick Baumfreunde - August 2022\" width=\"60%\" height=\"60%\" \/><\/p>\n<hr \/>\n<\/div>\n<\/div><\/div><\/div><\/div><div id=\"pg-14570-2\"  class=\"panel-grid panel-no-style\" ><div id=\"pgc-14570-2-0\"  class=\"panel-grid-cell\" ><div id=\"panel-14570-2-0-0\" class=\"so-panel widget widget_sow-editor panel-first-child\" data-index=\"3\" ><div\n\t\t\t\n\t\t\tclass=\"so-widget-sow-editor so-widget-sow-editor-base\"\n\t\t\t\n\t\t>\n<div class=\"siteorigin-widget-tinymce textwidget\">\n\t<p><span style=\"font-size: 0.7rem;\">(Beitrag kann unbezahlte und\/oder unbeauftragte Werbung wegen Namensnennung, Produkterkennung und\/oder Verlinkung enthalten.)<\/span><\/p>\n<p>Und nat\u00fcrlich sind auch diese Beiden wieder verlinkt bei <a title=\"Link zur Seite von Eva Fuchs - 12tel Blick August 2022\" href=\"https:\/\/evafuchs.blogspot.com\/2022\/08\/oktober12tel-blick22.html\" target=\"_blank\" rel=\"noopener\">Eva Fuchs auf verfuchstundzugen\u00e4ht<\/a>.<\/p>\n<\/div>\n<\/div><\/div><div id=\"panel-14570-2-0-1\" class=\"so-panel widget widget_sow-editor panel-last-child\" data-index=\"4\" ><div\n\t\t\t\n\t\t\tclass=\"so-widget-sow-editor so-widget-sow-editor-base\"\n\t\t\t\n\t\t>\n<div class=\"siteorigin-widget-tinymce textwidget\">\n\t<p>Ich w\u00fcnsche euch einen wunderbaren September, der Monat des \u00dcbergangs in den Herbst. Sind wir gespannt auf die neuen, hoffentlich schon etwas bunten 12tel-Blicke.<\/p>\n<p>Herzlichst, Anna<\/p>\n<\/div>\n<\/div><\/div><\/div><\/div><\/div>","protected":false},"excerpt":{"rendered":"<p>Begleiter &#8211; Freunde &#8211; Gemeinsam Liebe Freunde Und schon wieder ist ein Monat rum und die neuen 12tel-Blicke wollen gezeigt werden. Hier mein \u00bbGemeinsam &#8211; Baumfreunde &#8211; 12tel Blick 2022\u00ab. \u2665<\/p>\n","protected":false},"author":1,"featured_media":0,"comment_status":"open","ping_status":"open","sticky":false,"template":"","format":"standard","meta":{"ngg_post_thumbnail":0,"footnotes":""},"categories":[293],"tags":[59,298,61,295,294,289,299,62,60,143,273,297],"class_list":["post-14570","post","type-post","status-publish","format-standard","hentry","category-12tel-blick-22","tag-12tel-blick","tag-298","tag-aussicht","tag-baeume","tag-baumfreunde","tag-blog-challenge","tag-foto-challenge","tag-fotografie","tag-fotos","tag-fruehling","tag-jahresprojekt","tag-mystisch"],"_links":{"self":[{"href":"https:\/\/annamcara.ch\/htm\/wp-json\/wp\/v2\/posts\/14570","targetHints":{"allow":["GET"]}}],"collection":[{"href":"https:\/\/annamcara.ch\/htm\/wp-json\/wp\/v2\/posts"}],"about":[{"href":"https:\/\/annamcara.ch\/htm\/wp-json\/wp\/v2\/types\/post"}],"author":[{"embeddable":true,"href":"https:\/\/annamcara.ch\/htm\/wp-json\/wp\/v2\/users\/1"}],"replies":[{"embeddable":true,"href":"https:\/\/annamcara.ch\/htm\/wp-json\/wp\/v2\/comments?post=14570"}],"version-history":[{"count":4,"href":"https:\/\/annamcara.ch\/htm\/wp-json\/wp\/v2\/posts\/14570\/revisions"}],"predecessor-version":[{"id":14576,"href":"https:\/\/annamcara.ch\/htm\/wp-json\/wp\/v2\/posts\/14570\/revisions\/14576"}],"wp:attachment":[{"href":"https:\/\/annamcara.ch\/htm\/wp-json\/wp\/v2\/media?parent=14570"}],"wp:term":[{"taxonomy":"category","embeddable":true,"href":"https:\/\/annamcara.ch\/htm\/wp-json\/wp\/v2\/categories?post=14570"},{"taxonomy":"post_tag","embeddable":true,"href":"https:\/\/annamcara.ch\/htm\/wp-json\/wp\/v2\/tags?post=14570"}],"curies":[{"name":"wp","href":"https:\/\/api.w.org\/{rel}","templated":true}]}}