{"id":14408,"date":"2022-08-29T14:00:35","date_gmt":"2022-08-29T13:00:35","guid":{"rendered":"https:\/\/annamcara.ch\/htm\/?p=14408"},"modified":"2023-12-07T15:49:34","modified_gmt":"2023-12-07T14:49:34","slug":"zitrus-zym","status":"publish","type":"post","link":"https:\/\/annamcara.ch\/htm\/fermentieren-zymen\/zitrus-zym\/","title":{"rendered":"Zitrusfr\u00fcchte &#8211; Zym"},"content":{"rendered":"<div id=\"pl-14408\"  class=\"panel-layout\" ><div id=\"pg-14408-0\"  class=\"panel-grid panel-no-style\" ><div id=\"pgc-14408-0-0\"  class=\"panel-grid-cell\" ><div id=\"panel-14408-0-0-0\" class=\"so-panel widget widget_sow-editor panel-first-child panel-last-child\" data-index=\"0\" ><div\n\t\t\t\n\t\t\tclass=\"so-widget-sow-editor so-widget-sow-editor-base\"\n\t\t\t\n\t\t>\n<div class=\"siteorigin-widget-tinymce textwidget\">\n\t<h3>Zitronen-, Orangen- und Limetten-Zym<\/h3>\n<p>Ich habe mich vor Jahren mit dem Fermentieren besch\u00e4ftigt. Es hat eigentlich auch ganz ordentlich funktioniert, nur mein K\u00f6rper fand die ganze Sache eher fragw\u00fcrdig und reagierte heftig auf die kleinste Menge fermentierter Lebensmittel. Nun bin ich vor kurzem einer Frau begegnet, die auf eine ganz andere Art und Weise fermentiert, als ich es kannte. Sie zymt (enzymt).<\/p>\n<p><img decoding=\"async\" src=\"https:\/\/annamcara.ch\/htm\/wp-content\/uploads\/AnnamCara-Blog-FermentierenZymen-ZitrusZym-Header.jpg\" alt=\"Anna'mCara-Blog - Fermentieren & Zymen - Header - Zitrus-Zym\" width=\"100%\" height=\"100%\" align=\"center\"\/><\/p>\n<p>Das hier ist ein fertiges Zitronen-Zym. Fermentieren der Frucht im eigenen Saft f\u00fcr ca. 2-3 Wochen bei Zimmertemperatur, das nennt sich \"Zymen\". Hier \u00fcberl\u00e4uft nichts und ich muss nur ab und an die Gase entweichen lassen, wof\u00fcr ich kurz den Deckel aufdrehe, es zischen lasse und den Deckel wieder zudrehe. Und etwas Geduld brauchts, dann klappts schon. \ud83d\ude09<\/p>\n<\/div>\n<\/div><\/div><\/div><\/div><div id=\"pg-14408-1\"  class=\"panel-grid panel-no-style\" ><div id=\"pgc-14408-1-0\"  class=\"panel-grid-cell\" ><div id=\"panel-14408-1-0-0\" class=\"so-panel widget widget_sow-editor panel-first-child panel-last-child\" data-index=\"1\" ><div\n\t\t\t\n\t\t\tclass=\"so-widget-sow-editor so-widget-sow-editor-base\"\n\t\t\t\n\t\t>\n<div class=\"siteorigin-widget-tinymce textwidget\">\n\t<p><strong>Warum \u00fcberhaupt <\/strong><strong>Fermentieren?<\/strong><br \/>\nWeil fermentierte Lebensmittel, teilgeg\u00e4hrt sind und somit deine Darmgesundheit unterst\u00fctzen und f\u00f6rdern. Durch die entstandenen Mikroorganismen und Enzyme werden die Lebensmittel bek\u00f6mmlicher und sind so besser verdaubar. Dein Darm wird es dir danken.<br \/>\nZudem bleiben alle Vitamine im Rohzustand enthalten, denn das Gem\u00fcse wird beim Fermentieren nicht erhitzt. Es entstehen neue, einzigartige Aromen, gerade beim Zymen (fermentieren im eigenen Saft oder mit frischem Wasser). Jedes Ferment schmeckt durch die nat\u00fcrliche G\u00e4rung und die unterschiedlichen Zutaten immer etwas anders. Genau das macht es so einzigartig und besonders.<br \/>\nUnd vorallem k\u00f6nnen wir so, ohne Verbrauch von Strom, unsere Lebensmittel haltbar machen. Dazu verrate ich euch noch einige Tipps &amp; Tricks sowie viel Hintergrundwissen.<\/p>\n<\/div>\n<\/div><\/div><\/div><div id=\"pgc-14408-1-1\"  class=\"panel-grid-cell\" ><div id=\"panel-14408-1-1-0\" class=\"so-panel widget widget_sow-image panel-first-child panel-last-child\" data-index=\"2\" ><div\n\t\t\t\n\t\t\tclass=\"so-widget-sow-image so-widget-sow-image-default-8b5b6f678277-14408\"\n\t\t\t\n\t\t>\n<div class=\"sow-image-container\">\n\t\t<img \n\tsrc=\"https:\/\/annamcara.ch\/htm\/wp-content\/uploads\/AnnamCara-Blog-FermentierenZymen-Zitrus-Symbol.jpg\" width=\"600\" height=\"600\" srcset=\"https:\/\/annamcara.ch\/htm\/wp-content\/uploads\/AnnamCara-Blog-FermentierenZymen-Zitrus-Symbol.jpg 600w, https:\/\/annamcara.ch\/htm\/wp-content\/uploads\/AnnamCara-Blog-FermentierenZymen-Zitrus-Symbol-300x300.jpg 300w, https:\/\/annamcara.ch\/htm\/wp-content\/uploads\/AnnamCara-Blog-FermentierenZymen-Zitrus-Symbol-150x150.jpg 150w, https:\/\/annamcara.ch\/htm\/wp-content\/uploads\/AnnamCara-Blog-FermentierenZymen-Zitrus-Symbol-100x100.jpg 100w\" sizes=\"(max-width: 600px) 100vw, 600px\" title=\"Anna&#039;mCara - Blog - Fermentieren &amp; Zymen - ZitrusZym-Symbol\" alt=\"Anna&#039;mCara - Blog - Fermentieren &amp; Zymen - ZitrusZym-Symbol\" \t\tclass=\"so-widget-image\"\/>\n\t<\/div>\n\n<\/div><\/div><\/div><\/div><div id=\"pg-14408-2\"  class=\"panel-grid panel-no-style\" ><div id=\"pgc-14408-2-0\"  class=\"panel-grid-cell\" ><div id=\"panel-14408-2-0-0\" class=\"so-panel widget widget_sow-editor panel-first-child panel-last-child\" data-index=\"3\" ><div\n\t\t\t\n\t\t\tclass=\"so-widget-sow-editor so-widget-sow-editor-base\"\n\t\t\t\n\t\t>\n<div class=\"siteorigin-widget-tinymce textwidget\">\n\t<h3>Schritt-f\u00fcr-Schritt - Anleitung<\/h3>\n<p>Wie schon verraten, ist das Zitronen-Zym mein erster Werk. Da ich gleichzeitig einen Test gefahren habe, welche Gl\u00e4ser sich gut f\u00fcr das Zymen eigenen (einmal im Schraubglas und einmal in einem kleinen Eimachglas mit Gummidichtung), kann ich euch jetzt aus eigener Erfahrung raten, nehmt ein Drehverschlussglas! Hier funktioniert das Zymen, im anderen Glas nicht.<\/p>\n<\/div>\n<\/div><\/div><\/div><\/div><div id=\"pg-14408-3\"  class=\"panel-grid panel-no-style\" ><div id=\"pgc-14408-3-0\"  class=\"panel-grid-cell\" ><div id=\"panel-14408-3-0-0\" class=\"so-panel widget widget_sow-editor panel-first-child panel-last-child\" data-index=\"4\" ><div\n\t\t\t\n\t\t\tclass=\"so-widget-sow-editor so-widget-sow-editor-base\"\n\t\t\t\n\t\t>\n<div class=\"siteorigin-widget-tinymce textwidget\">\n\t<p>F\u00fcr das erste Zym ben\u00f6tigt ihr ein nicht zu grosses Drehverschluss-Glas, so dass in etwa die Frucht geschnitten Platz hat und noch 1-2cm Luft oben bleibt, bis zum Deckel. Dann nat\u00fcrlich die gew\u00fcnschte Zitrusfrucht, hier ist es eine Orange, nat\u00fcrlich in Bio-Qualit\u00e4t, denn wir verwenden die Schale mit. Einen Kochtopf, ein Schneidebrett und ein scharfes Messer. Sowie f\u00fcr sp\u00e4ter ein kleineres Drehverschluss-Glas und einen Holzl\u00f6ffel oder ein Holzst\u00e4bchen.<br \/>\nDann sind wir bereit und es kann losgehen.<\/p>\n<\/div>\n<\/div><\/div><\/div><div id=\"pgc-14408-3-1\"  class=\"panel-grid-cell\" ><div id=\"panel-14408-3-1-0\" class=\"so-panel widget widget_sow-image panel-first-child panel-last-child\" data-index=\"5\" ><div\n\t\t\t\n\t\t\tclass=\"so-widget-sow-image so-widget-sow-image-default-8b5b6f678277-14408\"\n\t\t\t\n\t\t>\n<div class=\"sow-image-container\">\n\t\t<img \n\tsrc=\"https:\/\/annamcara.ch\/htm\/wp-content\/uploads\/AnnamCara-Blog-FermentierenZymen-ZitrusZym-Zutaten.jpg\" width=\"900\" height=\"600\" srcset=\"https:\/\/annamcara.ch\/htm\/wp-content\/uploads\/AnnamCara-Blog-FermentierenZymen-ZitrusZym-Zutaten.jpg 900w, https:\/\/annamcara.ch\/htm\/wp-content\/uploads\/AnnamCara-Blog-FermentierenZymen-ZitrusZym-Zutaten-300x200.jpg 300w, https:\/\/annamcara.ch\/htm\/wp-content\/uploads\/AnnamCara-Blog-FermentierenZymen-ZitrusZym-Zutaten-768x512.jpg 768w, https:\/\/annamcara.ch\/htm\/wp-content\/uploads\/AnnamCara-Blog-FermentierenZymen-ZitrusZym-Zutaten-272x182.jpg 272w\" sizes=\"(max-width: 706px) 89vw, (max-width: 767px) 82vw, 740px\" title=\"Anna&#039;mCara - Blog  -Fermentieren&amp;Zymen - ZitrusZym - Zutaten\" alt=\"Anna&#039;mCara - Blog  -Fermentieren&amp;Zymen - ZitrusZym - Zutaten\" \t\tclass=\"so-widget-image\"\/>\n\t<\/div>\n\n<\/div><\/div><\/div><\/div><div id=\"pg-14408-4\"  class=\"panel-grid panel-no-style\" ><div id=\"pgc-14408-4-0\"  class=\"panel-grid-cell\" ><div id=\"panel-14408-4-0-0\" class=\"so-panel widget widget_sow-image panel-first-child\" data-index=\"6\" ><div\n\t\t\t\n\t\t\tclass=\"so-widget-sow-image so-widget-sow-image-default-8b5b6f678277-14408\"\n\t\t\t\n\t\t><h3 class=\"widget-title\">1. Schritt<\/h3>\n<div class=\"sow-image-container\">\n\t\t<img \n\tsrc=\"https:\/\/annamcara.ch\/htm\/wp-content\/uploads\/AnnamCara-Blog-FermentierenZymen-ZitrusZym-Schritt1.jpg\" width=\"900\" height=\"600\" srcset=\"https:\/\/annamcara.ch\/htm\/wp-content\/uploads\/AnnamCara-Blog-FermentierenZymen-ZitrusZym-Schritt1.jpg 900w, https:\/\/annamcara.ch\/htm\/wp-content\/uploads\/AnnamCara-Blog-FermentierenZymen-ZitrusZym-Schritt1-300x200.jpg 300w, https:\/\/annamcara.ch\/htm\/wp-content\/uploads\/AnnamCara-Blog-FermentierenZymen-ZitrusZym-Schritt1-768x512.jpg 768w, https:\/\/annamcara.ch\/htm\/wp-content\/uploads\/AnnamCara-Blog-FermentierenZymen-ZitrusZym-Schritt1-272x182.jpg 272w\" sizes=\"(max-width: 706px) 89vw, (max-width: 767px) 82vw, 740px\" title=\"1. Schritt\" alt=\"Anna&#039;mCara - Blog  -Fermentieren&amp;Zymen - ZitrusZym - Zubereitung - Schritt 1 - Gl\u00e4ser auskochen\" \t\tclass=\"so-widget-image\"\/>\n\t<\/div>\n\n<\/div><\/div><div id=\"panel-14408-4-0-1\" class=\"so-panel widget widget_sow-editor panel-last-child\" data-index=\"7\" ><div\n\t\t\t\n\t\t\tclass=\"so-widget-sow-editor so-widget-sow-editor-base\"\n\t\t\t\n\t\t>\n<div class=\"siteorigin-widget-tinymce textwidget\">\n\t<p>In einem ersten Schritt werden die Gl\u00e4ser, welche wir f\u00fcr die Zitrusfr\u00fcchte ben\u00f6tigen, ausgekocht. D.h. ich koche 1,5 Liter Wasser in einem Topf. Wenn das Wasser die knapp 100\u00b0C erreicht hat, nehme ich den Topf vom Herd und lege sorgf\u00e4ltig und langsam die Gl\u00e4ser in das Wasser, die Deckel selbstverst\u00e4ndlich ebenso. Dann lasse ich diese f\u00fcr mind. 10 Minuten in dem Wasser stehen.<\/p>\n<\/div>\n<\/div><\/div><\/div><div id=\"pgc-14408-4-1\"  class=\"panel-grid-cell\" ><div id=\"panel-14408-4-1-0\" class=\"so-panel widget widget_sow-image panel-first-child\" data-index=\"8\" ><div\n\t\t\t\n\t\t\tclass=\"so-widget-sow-image so-widget-sow-image-default-8b5b6f678277-14408\"\n\t\t\t\n\t\t><h3 class=\"widget-title\">2. Schritt<\/h3>\n<div class=\"sow-image-container\">\n\t\t<img \n\tsrc=\"https:\/\/annamcara.ch\/htm\/wp-content\/uploads\/AnnamCara-Blog-FermentierenZymen-ZitrusZym-Schritt2.jpg\" width=\"900\" height=\"600\" srcset=\"https:\/\/annamcara.ch\/htm\/wp-content\/uploads\/AnnamCara-Blog-FermentierenZymen-ZitrusZym-Schritt2.jpg 900w, https:\/\/annamcara.ch\/htm\/wp-content\/uploads\/AnnamCara-Blog-FermentierenZymen-ZitrusZym-Schritt2-300x200.jpg 300w, https:\/\/annamcara.ch\/htm\/wp-content\/uploads\/AnnamCara-Blog-FermentierenZymen-ZitrusZym-Schritt2-768x512.jpg 768w, https:\/\/annamcara.ch\/htm\/wp-content\/uploads\/AnnamCara-Blog-FermentierenZymen-ZitrusZym-Schritt2-272x182.jpg 272w\" sizes=\"(max-width: 706px) 89vw, (max-width: 767px) 82vw, 740px\" title=\"2. Schritt\" alt=\"Anna&#039;mCara - Blog  -Fermentieren&amp;Zymen - ZitrusZym - Zubereitung - Schritt 2- Fr\u00fcchte waschen\" \t\tclass=\"so-widget-image\"\/>\n\t<\/div>\n\n<\/div><\/div><div id=\"panel-14408-4-1-1\" class=\"so-panel widget widget_sow-editor panel-last-child\" data-index=\"9\" ><div\n\t\t\t\n\t\t\tclass=\"so-widget-sow-editor so-widget-sow-editor-base\"\n\t\t\t\n\t\t>\n<div class=\"siteorigin-widget-tinymce textwidget\">\n\t<p>Als n\u00e4chstes werdend die abgekochten Gl\u00e4ser auf ein sauberes Handtuch gestellt, die Deckel dazu. <\/p>\n<p>Dann werden die Fr\u00fcchte, bzw. die Frucht, gewaschen und getrocknet. Nun entferne ich sowohl oben wie unten ein St\u00fcck der Orange, welches ich <a href=\"#save\">wie unten erw\u00e4hnt<\/a> weiter verwerten (kein Abfall!!). <\/p>\n<\/div>\n<\/div><\/div><\/div><\/div><div id=\"pg-14408-5\"  class=\"panel-grid panel-no-style\" ><div id=\"pgc-14408-5-0\"  class=\"panel-grid-cell\" ><div id=\"panel-14408-5-0-0\" class=\"so-panel widget widget_sow-editor panel-first-child panel-last-child\" data-index=\"10\" ><div\n\t\t\t\n\t\t\tclass=\"so-widget-sow-editor so-widget-sow-editor-base\"\n\t\t\t\n\t\t>\n<div class=\"siteorigin-widget-tinymce textwidget\">\n\t<\/div>\n<\/div><\/div><\/div><\/div><div id=\"pg-14408-6\"  class=\"panel-grid panel-no-style\" ><div id=\"pgc-14408-6-0\"  class=\"panel-grid-cell\" ><div id=\"panel-14408-6-0-0\" class=\"so-panel widget widget_sow-image panel-first-child\" data-index=\"11\" ><div\n\t\t\t\n\t\t\tclass=\"so-widget-sow-image so-widget-sow-image-default-8b5b6f678277-14408\"\n\t\t\t\n\t\t><h3 class=\"widget-title\">3. Schritt<\/h3>\n<div class=\"sow-image-container\">\n\t\t<img \n\tsrc=\"https:\/\/annamcara.ch\/htm\/wp-content\/uploads\/AnnamCara-Blog-FermentierenZymen-ZitrusZym-Schritt3.jpg\" width=\"900\" height=\"600\" srcset=\"https:\/\/annamcara.ch\/htm\/wp-content\/uploads\/AnnamCara-Blog-FermentierenZymen-ZitrusZym-Schritt3.jpg 900w, https:\/\/annamcara.ch\/htm\/wp-content\/uploads\/AnnamCara-Blog-FermentierenZymen-ZitrusZym-Schritt3-300x200.jpg 300w, https:\/\/annamcara.ch\/htm\/wp-content\/uploads\/AnnamCara-Blog-FermentierenZymen-ZitrusZym-Schritt3-768x512.jpg 768w, https:\/\/annamcara.ch\/htm\/wp-content\/uploads\/AnnamCara-Blog-FermentierenZymen-ZitrusZym-Schritt3-272x182.jpg 272w\" sizes=\"(max-width: 706px) 89vw, (max-width: 767px) 82vw, 740px\" title=\"3. Schritt\" alt=\"Anna&#039;mCara - Blog  -Fermentieren&amp;Zymen - ZitrusZym - Zubereitung - Schritt 3 - Schneiden &amp; Schichten\" \t\tclass=\"so-widget-image\"\/>\n\t<\/div>\n\n<\/div><\/div><div id=\"panel-14408-6-0-1\" class=\"so-panel widget widget_sow-editor panel-last-child\" data-index=\"12\" ><div\n\t\t\t\n\t\t\tclass=\"so-widget-sow-editor so-widget-sow-editor-base\"\n\t\t\t\n\t\t>\n<div class=\"siteorigin-widget-tinymce textwidget\">\n\t<p>Dann schneide ich die Frucht in ca. 5mm dicke Scheiben. Sollten diese zu gross sein f\u00fcr das Glas, wie in meinem Fall, dann halbiere ich die Scheiben und fange mit dem Schichten an. Bei der Limette und der Zitrone bringe ich meist alle Scheiben in ein Glas. Bei der Orange habe ich es auf zwei Gl\u00e4ser verteilt. Nehmt nicht zu grosse Gl\u00e4ser. Meine sind 250ml. Damit geht das Zymen auch voran.<\/p>\n<\/div>\n<\/div><\/div><\/div><div id=\"pgc-14408-6-1\"  class=\"panel-grid-cell\" ><div id=\"panel-14408-6-1-0\" class=\"so-panel widget widget_sow-image panel-first-child\" data-index=\"13\" ><div\n\t\t\t\n\t\t\tclass=\"so-widget-sow-image so-widget-sow-image-default-8b5b6f678277-14408\"\n\t\t\t\n\t\t><h3 class=\"widget-title\">4. Schritt<\/h3>\n<div class=\"sow-image-container\">\n\t\t<img \n\tsrc=\"https:\/\/annamcara.ch\/htm\/wp-content\/uploads\/AnnamCara-Blog-FermentierenZymen-ZitrusZym-Schritt4.jpg\" width=\"900\" height=\"600\" srcset=\"https:\/\/annamcara.ch\/htm\/wp-content\/uploads\/AnnamCara-Blog-FermentierenZymen-ZitrusZym-Schritt4.jpg 900w, https:\/\/annamcara.ch\/htm\/wp-content\/uploads\/AnnamCara-Blog-FermentierenZymen-ZitrusZym-Schritt4-300x200.jpg 300w, https:\/\/annamcara.ch\/htm\/wp-content\/uploads\/AnnamCara-Blog-FermentierenZymen-ZitrusZym-Schritt4-768x512.jpg 768w, https:\/\/annamcara.ch\/htm\/wp-content\/uploads\/AnnamCara-Blog-FermentierenZymen-ZitrusZym-Schritt4-272x182.jpg 272w\" sizes=\"(max-width: 706px) 89vw, (max-width: 767px) 82vw, 740px\" title=\"4. Schritt\" alt=\"Anna&#039;mCara - Blog  -Fermentieren&amp;Zymen - ZitrusZym - Zubereitung - Schritt 4 - Schichten &amp; warten\" \t\tclass=\"so-widget-image\"\/>\n\t<\/div>\n\n<\/div><\/div><div id=\"panel-14408-6-1-1\" class=\"so-panel widget widget_sow-editor panel-last-child\" data-index=\"14\" ><div\n\t\t\t\n\t\t\tclass=\"so-widget-sow-editor so-widget-sow-editor-base\"\n\t\t\t\n\t\t>\n<div class=\"siteorigin-widget-tinymce textwidget\">\n\t<p>Schichtet die Scheiben bis ca. 1-2 cm unter den Rand, dass gen\u00fcgend Luft bleibt damit die Fermentierung stattfinden kann. Den Rand des Glases mit Haushaltspapier reinigen, Deckel drauf und verschliessen.<br \/>\nSellt das Glas an einen nicht zu warmen Ort in der K\u00fcche. Das Zym braucht nun Ruhe, gutes Klima und Zeit. Ab und an das Glas sch\u00fctteln. Den Deckel aufdrehen, nicht abheben, nur die Gase austreten lassen, wieder verschliessen.<\/p>\n<\/div>\n<\/div><\/div><\/div><\/div><div id=\"pg-14408-7\"  class=\"panel-grid panel-no-style\" ><div id=\"pgc-14408-7-0\"  class=\"panel-grid-cell\" ><div id=\"panel-14408-7-0-0\" class=\"so-panel widget widget_sow-editor panel-first-child panel-last-child\" data-index=\"15\" ><div\n\t\t\t\n\t\t\tclass=\"so-widget-sow-editor so-widget-sow-editor-base\"\n\t\t\t\n\t\t>\n<div class=\"siteorigin-widget-tinymce textwidget\">\n\t<\/div>\n<\/div><\/div><\/div><\/div><div id=\"pg-14408-8\"  class=\"panel-grid panel-no-style\" ><div id=\"pgc-14408-8-0\"  class=\"panel-grid-cell\" ><div id=\"panel-14408-8-0-0\" class=\"so-panel widget widget_sow-image panel-first-child\" data-index=\"16\" ><div\n\t\t\t\n\t\t\tclass=\"so-widget-sow-image so-widget-sow-image-default-8b5b6f678277-14408\"\n\t\t\t\n\t\t><h3 class=\"widget-title\">5. Schritt<\/h3>\n<div class=\"sow-image-container\">\n\t\t<img \n\tsrc=\"https:\/\/annamcara.ch\/htm\/wp-content\/uploads\/AnnamCara-Blog-FermentierenZymen-ZitrusZym-Schritt5.jpg\" width=\"900\" height=\"600\" srcset=\"https:\/\/annamcara.ch\/htm\/wp-content\/uploads\/AnnamCara-Blog-FermentierenZymen-ZitrusZym-Schritt5.jpg 900w, https:\/\/annamcara.ch\/htm\/wp-content\/uploads\/AnnamCara-Blog-FermentierenZymen-ZitrusZym-Schritt5-300x200.jpg 300w, https:\/\/annamcara.ch\/htm\/wp-content\/uploads\/AnnamCara-Blog-FermentierenZymen-ZitrusZym-Schritt5-768x512.jpg 768w, https:\/\/annamcara.ch\/htm\/wp-content\/uploads\/AnnamCara-Blog-FermentierenZymen-ZitrusZym-Schritt5-272x182.jpg 272w\" sizes=\"(max-width: 706px) 89vw, (max-width: 767px) 82vw, 740px\" title=\"5. Schritt\" alt=\"Anna&#039;mCara - Blog  -Fermentieren&amp;Zymen - ZitrusZym - Zubereitung - Schritt 5 - Fertig &amp; umf\u00fcllen\" \t\tclass=\"so-widget-image\"\/>\n\t<\/div>\n\n<\/div><\/div><div id=\"panel-14408-8-0-1\" class=\"so-panel widget widget_sow-editor panel-last-child\" data-index=\"17\" ><div\n\t\t\t\n\t\t\tclass=\"so-widget-sow-editor so-widget-sow-editor-base\"\n\t\t\t\n\t\t>\n<div class=\"siteorigin-widget-tinymce textwidget\">\n\t<p>Nach ca. 14 Tagen ist das Zym soweit fertig. Deckel \u00f6ffnen und mit dem Holzl\u00f6ffel bzw. Holzstab umr\u00fchren. Das Ganze zerf\u00e4llt zu einem Mus. Es duftet herrlich nach Zitrone.<br \/>\nDas Zitronen-Zym f\u00fclle ich nun in kleine Gl\u00e4schen (45ml) auch hier wird wieder der Holzl\u00f6ffel verwendet. Nun k\u00f6nnen diese Gl\u00e4ser in den K\u00fchlschrank gestellt werden, damit die Fermentierung aufh\u00f6rt. Oder ihr gebt 1TL geriebenen Meerrettich oben auf das Zym, verschliesst das Glas und so h\u00e4lt sich nun das Zym auch bei Zimmertemperatur, bzw. im Keller. Der Meerrettich wird ebenfalls fermentiert und schmeckt anschliessend nicht mehr so stark.<\/p>\n<\/div>\n<\/div><\/div><\/div><div id=\"pgc-14408-8-1\"  class=\"panel-grid-cell\" ><div id=\"panel-14408-8-1-0\" class=\"so-panel widget widget_sow-image panel-first-child\" data-index=\"18\" ><div\n\t\t\t\n\t\t\tclass=\"so-widget-sow-image so-widget-sow-image-default-8b5b6f678277-14408\"\n\t\t\t\n\t\t><h3 class=\"widget-title\">6. Schritt<\/h3>\n<div class=\"sow-image-container\">\n\t\t<img \n\tsrc=\"https:\/\/annamcara.ch\/htm\/wp-content\/uploads\/AnnamCara-Blog-FermentierenZymen-ZitrusZym-Schritt6.jpg\" width=\"900\" height=\"600\" srcset=\"https:\/\/annamcara.ch\/htm\/wp-content\/uploads\/AnnamCara-Blog-FermentierenZymen-ZitrusZym-Schritt6.jpg 900w, https:\/\/annamcara.ch\/htm\/wp-content\/uploads\/AnnamCara-Blog-FermentierenZymen-ZitrusZym-Schritt6-300x200.jpg 300w, https:\/\/annamcara.ch\/htm\/wp-content\/uploads\/AnnamCara-Blog-FermentierenZymen-ZitrusZym-Schritt6-768x512.jpg 768w, https:\/\/annamcara.ch\/htm\/wp-content\/uploads\/AnnamCara-Blog-FermentierenZymen-ZitrusZym-Schritt6-272x182.jpg 272w\" sizes=\"(max-width: 706px) 89vw, (max-width: 767px) 82vw, 740px\" title=\"6. Schritt\" alt=\"Anna&#039;mCara - Blog - Fermentieren&amp;Zymen - ZitrusZym - Zubereitung - Schritt 6 - Trinken &amp; Anwenden\" \t\tclass=\"so-widget-image\"\/>\n\t<\/div>\n\n<\/div><\/div><div id=\"panel-14408-8-1-1\" class=\"so-panel widget widget_sow-editor panel-last-child\" data-index=\"19\" ><div\n\t\t\t\n\t\t\tclass=\"so-widget-sow-editor so-widget-sow-editor-base\"\n\t\t\t\n\t\t>\n<div class=\"siteorigin-widget-tinymce textwidget\">\n\t<p>In das Gl\u00e4schen in dem das Zym fermentierte gebe ich etwas Wasser, den Deckel drauf, sch\u00fctteln und in ein Glas f\u00fcllen. Und nun Trinken. Somit f\u00e4ngt deine Zym-Kur bereits an. Ich trinke t\u00e4glich 1TL Zym auf 3dl Wasser. Ausserdem nutze ich das Zym zum W\u00fcrzen, z.B. von Humus, Salatdressing, beim Zitronenkuchen f\u00fcr das Topping. Einfach \u00fcberall, wo das Zym nicht erhitzt werden muss. Denn sonst w\u00fcrden all die guten Inhaltsstoffe zerst\u00f6rt werden.<br \/>\nVersucht es einfach mal aus, ob mit Bio-Zitronen, -Limetten und -Orangen, und lasst eurer Kreativit\u00e4t freien Lauf. <\/p>\n<\/div>\n<\/div><\/div><\/div><\/div><div id=\"pg-14408-9\"  class=\"panel-grid panel-no-style\" ><div id=\"pgc-14408-9-0\"  class=\"panel-grid-cell\" ><div id=\"panel-14408-9-0-0\" class=\"so-panel widget widget_sow-editor panel-first-child panel-last-child\" data-index=\"20\" ><div\n\t\t\t\n\t\t\tclass=\"so-widget-sow-editor so-widget-sow-editor-base\"\n\t\t\t\n\t\t>\n<div class=\"siteorigin-widget-tinymce textwidget\">\n\t<hr \/>\n<\/div>\n<\/div><\/div><\/div><\/div><div id=\"pg-14408-10\"  class=\"panel-grid panel-has-style\" ><div class=\"panel-row-style panel-row-style-for-14408-10\" ><div id=\"pgc-14408-10-0\"  class=\"panel-grid-cell\" ><div id=\"panel-14408-10-0-0\" class=\"so-panel widget widget_sow-editor panel-first-child panel-last-child\" data-index=\"21\" ><div\n\t\t\t\n\t\t\tclass=\"so-widget-sow-editor so-widget-sow-editor-base\"\n\t\t\t\n\t\t>\n<div class=\"siteorigin-widget-tinymce textwidget\">\n\t<h3 id=\"save\">Save-Food-Tipp:<\/h3>\n<p>Die Orangenschalenst\u00fccke in feine Zesten schneiden (sehr d\u00fcnne Streifchen). Diese bei Zimmertemperatur trocknen lassen und anschliessend in einem Schraubverschlussglas aufbewahren. Schmecken herrlich in frischen Teemischungen (z.B. mit frischem Ingwer, Minze usw.), gemahlen sind diese vor allem zum Backen und W\u00fcrzen wunderbar. Sie lassen sich auch herrlich r\u00e4uchern, damit holt man sich etwas Sommer-Sonne und W\u00e4rme ins Haus. Bei uns werden Orangen-, Zitronen-, Limonen- und Mandarinenschalen so verarbeitet.<br \/>\nEinfach mal ausprobieren und so den Abfall reduzieren.<\/p>\n<\/div>\n<\/div><\/div><\/div><div id=\"pgc-14408-10-1\"  class=\"panel-grid-cell\" ><div id=\"panel-14408-10-1-0\" class=\"so-panel widget widget_sow-image panel-first-child panel-last-child\" data-index=\"22\" ><div\n\t\t\t\n\t\t\tclass=\"so-widget-sow-image so-widget-sow-image-default-c67d20f9f743-14408\"\n\t\t\t\n\t\t><h3 class=\"widget-title\">Orangen-Zesten<\/h3>\n<div class=\"sow-image-container\">\n\t\t<img \n\tsrc=\"https:\/\/annamcara.ch\/htm\/wp-content\/uploads\/AnnamCara-Blog-Veganes2022-Januar-SaveFood.jpg\" width=\"900\" height=\"600\" srcset=\"https:\/\/annamcara.ch\/htm\/wp-content\/uploads\/AnnamCara-Blog-Veganes2022-Januar-SaveFood.jpg 900w, https:\/\/annamcara.ch\/htm\/wp-content\/uploads\/AnnamCara-Blog-Veganes2022-Januar-SaveFood-300x200.jpg 300w, https:\/\/annamcara.ch\/htm\/wp-content\/uploads\/AnnamCara-Blog-Veganes2022-Januar-SaveFood-768x512.jpg 768w, https:\/\/annamcara.ch\/htm\/wp-content\/uploads\/AnnamCara-Blog-Veganes2022-Januar-SaveFood-272x182.jpg 272w\" sizes=\"(max-width: 706px) 89vw, (max-width: 767px) 82vw, 740px\" title=\"Orangen-Zesten\" alt=\"Anna&#039;mCara - Blog-Challenge - Veganes 2022 - Save-Food\" \t\tclass=\"so-widget-image\"\/>\n\t<\/div>\n\n<\/div><\/div><\/div><\/div><\/div><div id=\"pg-14408-11\"  class=\"panel-grid panel-no-style\" ><div id=\"pgc-14408-11-0\"  class=\"panel-grid-cell\" ><div id=\"panel-14408-11-0-0\" class=\"so-panel widget widget_sow-editor panel-first-child\" data-index=\"23\" ><div\n\t\t\t\n\t\t\tclass=\"so-widget-sow-editor so-widget-sow-editor-base\"\n\t\t\t\n\t\t>\n<div class=\"siteorigin-widget-tinymce textwidget\">\n\t<p>&nbsp;<\/p>\n<p><span style=\"font-size: 0.7rem;\">(Beitrag kann unbezahlte und\/oder unbeauftragte Werbung wegen Namensnennung, Produkterkennung und\/oder Verlinkung enthalten.)<\/span><\/p>\n<hr \/>\n<p>Viel Gl\u00fcck und Freude beim Zymen und gutes Gelingen! \u2665<\/p>\n<p>Herzlichst, Anna<\/p>\n<\/div>\n<\/div><\/div><div id=\"panel-14408-11-0-1\" class=\"so-panel widget widget_sow-editor panel-last-child\" data-index=\"24\" ><div\n\t\t\t\n\t\t\tclass=\"so-widget-sow-editor so-widget-sow-editor-base\"\n\t\t\t\n\t\t>\n<div class=\"siteorigin-widget-tinymce textwidget\">\n\t<hr \/>\n<\/div>\n<\/div><\/div><\/div><\/div><\/div>","protected":false},"excerpt":{"rendered":"<p>Zitronen-, Orangen- und Limetten-Zym Ich habe mich vor Jahren mit dem Fermentieren besch\u00e4ftigt. Es hat eigentlich auch ganz ordentlich funktioniert, nur mein K\u00f6rper fand die ganze Sache eher fragw\u00fcrdig und reagierte heftig auf die kleinste Menge fermentierter Lebensmittel. Nun bin ich vor kurzem einer Frau begegnet, die auf eine ganz andere Art und Weise fermentiert, &hellip; <\/p>\n<p class=\"link-more\"><a href=\"https:\/\/annamcara.ch\/htm\/fermentieren-zymen\/zitrus-zym\/\" class=\"more-link\"><span class=\"screen-reader-text\">\u201eZitrusfr\u00fcchte &#8211; Zym\u201c<\/span> weiterlesen<\/a><\/p>\n","protected":false},"author":1,"featured_media":0,"comment_status":"open","ping_status":"open","sticky":false,"template":"","format":"standard","meta":{"ngg_post_thumbnail":0,"footnotes":""},"categories":[408,358],"tags":[361,360,359,291,364,88,87,290,288,363,362],"class_list":["post-14408","post","type-post","status-publish","format-standard","hentry","category-408","category-fermentieren-zymen","tag-entzyme","tag-entzymen","tag-fermentieren","tag-herausforderung","tag-limetten","tag-orangen","tag-rezepte","tag-vegan","tag-wissen","tag-zitronen","tag-zitrusfruechte"],"_links":{"self":[{"href":"https:\/\/annamcara.ch\/htm\/wp-json\/wp\/v2\/posts\/14408","targetHints":{"allow":["GET"]}}],"collection":[{"href":"https:\/\/annamcara.ch\/htm\/wp-json\/wp\/v2\/posts"}],"about":[{"href":"https:\/\/annamcara.ch\/htm\/wp-json\/wp\/v2\/types\/post"}],"author":[{"embeddable":true,"href":"https:\/\/annamcara.ch\/htm\/wp-json\/wp\/v2\/users\/1"}],"replies":[{"embeddable":true,"href":"https:\/\/annamcara.ch\/htm\/wp-json\/wp\/v2\/comments?post=14408"}],"version-history":[{"count":111,"href":"https:\/\/annamcara.ch\/htm\/wp-json\/wp\/v2\/posts\/14408\/revisions"}],"predecessor-version":[{"id":14532,"href":"https:\/\/annamcara.ch\/htm\/wp-json\/wp\/v2\/posts\/14408\/revisions\/14532"}],"wp:attachment":[{"href":"https:\/\/annamcara.ch\/htm\/wp-json\/wp\/v2\/media?parent=14408"}],"wp:term":[{"taxonomy":"category","embeddable":true,"href":"https:\/\/annamcara.ch\/htm\/wp-json\/wp\/v2\/categories?post=14408"},{"taxonomy":"post_tag","embeddable":true,"href":"https:\/\/annamcara.ch\/htm\/wp-json\/wp\/v2\/tags?post=14408"}],"curies":[{"name":"wp","href":"https:\/\/api.w.org\/{rel}","templated":true}]}}