{"id":13046,"date":"2022-04-30T09:47:35","date_gmt":"2022-04-30T08:47:35","guid":{"rendered":"https:\/\/annamcara.ch\/htm\/?p=13046"},"modified":"2022-04-30T09:47:36","modified_gmt":"2022-04-30T08:47:36","slug":"1blick-12-baum22-4","status":"publish","type":"post","link":"https:\/\/annamcara.ch\/htm\/12tel-blick-22\/1blick-12-baum22-4\/","title":{"rendered":"4. Blick von 12 &#8211; Baumfreunde &#8211; 2022"},"content":{"rendered":"<div id=\"pl-13046\"  class=\"panel-layout\" ><div id=\"pg-13046-0\"  class=\"panel-grid panel-no-style\" ><div id=\"pgc-13046-0-0\"  class=\"panel-grid-cell\" ><div id=\"panel-13046-0-0-0\" class=\"so-panel widget widget_sow-editor panel-first-child\" data-index=\"0\" ><div\n\t\t\t\n\t\t\tclass=\"so-widget-sow-editor so-widget-sow-editor-base\"\n\t\t\t\n\t\t>\n<div class=\"siteorigin-widget-tinymce textwidget\">\n\t<h3>Begleiter - Freunde - Gemeinsam<\/h3>\n<p>Liebe Freunde<\/p>\n<p>Meine Begleiter zum Thema <strong>\u00bbGemeinsam - Baumfreunde - 12tel Blick 2022\u00ab<\/strong>. Diesen Monat hatte ich die Chance mehrmals einen Besuch bei diesen beiden machen zu d\u00fcrfen. Und nur schon in diesem Monat haben sie sich sehr ver\u00e4ndert, die ganze Umgebung hat den Fr\u00fchling richtig in sich aufgesaugt und in seiner Pracht gezeigt. Es war wirklich sehr eindr\u00fccklich. Euch m\u00f6chte ich diesen Monat mit dem letzten Bild aus dem April begl\u00fccken. Denn dieser Tag war f\u00fcr mich ein sehr spezieller.<\/p>\n<p><img decoding=\"async\" class=\"aligncenter\" src=\"https:\/\/annamcara.ch\/htm\/wp-content\/uploads\/4-12telBlick-Baumfreunde2022-AnnamCara.jpg\" alt=\"Anna'mCara-Blog - 12tel-Blick Baumfreunde - 4. Blick - April 2022\"\/><\/p>\n<\/div>\n<\/div><\/div><div id=\"panel-13046-0-0-1\" class=\"so-panel widget widget_sow-editor panel-last-child\" data-index=\"1\" ><div\n\t\t\t\n\t\t\tclass=\"so-widget-sow-editor so-widget-sow-editor-base\"\n\t\t\t\n\t\t>\n<div class=\"siteorigin-widget-tinymce textwidget\">\n\t<h3>Gemeinsam - Baummentor<\/h3>\n<p>Diese zwei sind mir wahrlich in den letzten zwei Jahren ans Herz gewachsen. Irgendwie symbolisieren sie f\u00fcr mich das gemeinsame Zusammenstehen, das Miteinander, das Hand-in-Hand. Lasst uns wieder vermehrt \u00bbBaum\u00ab-Freunde sein! \u2665<\/p>\n<\/div>\n<\/div><\/div><\/div><\/div><div id=\"pg-13046-1\"  class=\"panel-grid panel-no-style\" ><div id=\"pgc-13046-1-0\"  class=\"panel-grid-cell\" ><div id=\"panel-13046-1-0-0\" class=\"so-panel widget widget_sow-editor panel-first-child panel-last-child\" data-index=\"2\" ><div\n\t\t\t\n\t\t\tclass=\"so-widget-sow-editor so-widget-sow-editor-base\"\n\t\t\t\n\t\t>\n<div class=\"siteorigin-widget-tinymce textwidget\">\n\t<hr \/>\n<p><img decoding=\"async\" class=\"aligncenter\" src=\"https:\/\/annamcara.ch\/htm\/wp-content\/uploads\/AnnamCara-12telBlick-2022-Baumfreunde-Jahresblick_0412.jpg\" alt=\"Anna'mCara-Blog - 12tel-Blick - Jahresblick Baumfreunde - April 2022\" width=\"60%\" height=\"60%\" \/><\/p>\n<hr \/>\n<\/div>\n<\/div><\/div><\/div><\/div><div id=\"pg-13046-2\"  class=\"panel-grid panel-no-style\" ><div id=\"pgc-13046-2-0\"  class=\"panel-grid-cell\" ><div id=\"panel-13046-2-0-0\" class=\"so-panel widget widget_sow-editor panel-first-child\" data-index=\"3\" ><div\n\t\t\t\n\t\t\tclass=\"so-widget-sow-editor so-widget-sow-editor-base\"\n\t\t\t\n\t\t>\n<div class=\"siteorigin-widget-tinymce textwidget\">\n\t<p><span style=\"font-size: 0.7rem;\">(Beitrag kann unbezahlte und\/oder unbeauftragte Werbung wegen Namensnennung, Produkterkennung und\/oder Verlinkung enthalten.)<\/span><\/p>\n<p>Und nat\u00fcrlich sind auch diese Beiden wieder verlinkt bei <a title=\"Link zur Seite von Eva Fuchs - 12tel Blick April 2022\" href=\"https:\/\/evafuchs.blogspot.com\/2022\/04\/april12tel-blick22.html\" target=\"_blank\" rel=\"noopener\">Eva Fuchs auf verfuchstundzugen\u00e4ht<\/a>.<\/p>\n<\/div>\n<\/div><\/div><div id=\"panel-13046-2-0-1\" class=\"so-panel widget widget_sow-editor panel-last-child\" data-index=\"4\" ><div\n\t\t\t\n\t\t\tclass=\"so-widget-sow-editor so-widget-sow-editor-base\"\n\t\t\t\n\t\t>\n<div class=\"siteorigin-widget-tinymce textwidget\">\n\t<p>Geniesst euer Wochenende und ich w\u00fcnsche euch einen wundervollen Mai.<br \/>\nWir sehen uns, oder besser wir er-Blicken uns.<\/p>\n<p>Herzlichst, Anna<\/p>\n<\/div>\n<\/div><\/div><\/div><\/div><\/div>","protected":false},"excerpt":{"rendered":"<p>Begleiter &#8211; Freunde &#8211; Gemeinsam Liebe Freunde Meine Begleiter zum Thema \u00bbGemeinsam &#8211; Baumfreunde &#8211; 12tel Blick 2022\u00ab. Diesen Monat hatte ich die Chance mehrmals einen Besuch bei diesen beiden machen zu d\u00fcrfen. Und nur schon in diesem Monat haben sie sich sehr ver\u00e4ndert, die ganze Umgebung hat den Fr\u00fchling richtig in sich aufgesaugt und &hellip; <\/p>\n<p class=\"link-more\"><a href=\"https:\/\/annamcara.ch\/htm\/12tel-blick-22\/1blick-12-baum22-4\/\" class=\"more-link\"><span class=\"screen-reader-text\">\u201e4. Blick von 12 &#8211; Baumfreunde &#8211; 2022\u201c<\/span> weiterlesen<\/a><\/p>\n","protected":false},"author":1,"featured_media":0,"comment_status":"open","ping_status":"open","sticky":false,"template":"","format":"standard","meta":{"ngg_post_thumbnail":0,"footnotes":""},"categories":[293],"tags":[59,298,61,295,294,289,299,62,60,143,273,297],"class_list":["post-13046","post","type-post","status-publish","format-standard","hentry","category-12tel-blick-22","tag-12tel-blick","tag-298","tag-aussicht","tag-baeume","tag-baumfreunde","tag-blog-challenge","tag-foto-challenge","tag-fotografie","tag-fotos","tag-fruehling","tag-jahresprojekt","tag-mystisch"],"_links":{"self":[{"href":"https:\/\/annamcara.ch\/htm\/wp-json\/wp\/v2\/posts\/13046","targetHints":{"allow":["GET"]}}],"collection":[{"href":"https:\/\/annamcara.ch\/htm\/wp-json\/wp\/v2\/posts"}],"about":[{"href":"https:\/\/annamcara.ch\/htm\/wp-json\/wp\/v2\/types\/post"}],"author":[{"embeddable":true,"href":"https:\/\/annamcara.ch\/htm\/wp-json\/wp\/v2\/users\/1"}],"replies":[{"embeddable":true,"href":"https:\/\/annamcara.ch\/htm\/wp-json\/wp\/v2\/comments?post=13046"}],"version-history":[{"count":1,"href":"https:\/\/annamcara.ch\/htm\/wp-json\/wp\/v2\/posts\/13046\/revisions"}],"predecessor-version":[{"id":13053,"href":"https:\/\/annamcara.ch\/htm\/wp-json\/wp\/v2\/posts\/13046\/revisions\/13053"}],"wp:attachment":[{"href":"https:\/\/annamcara.ch\/htm\/wp-json\/wp\/v2\/media?parent=13046"}],"wp:term":[{"taxonomy":"category","embeddable":true,"href":"https:\/\/annamcara.ch\/htm\/wp-json\/wp\/v2\/categories?post=13046"},{"taxonomy":"post_tag","embeddable":true,"href":"https:\/\/annamcara.ch\/htm\/wp-json\/wp\/v2\/tags?post=13046"}],"curies":[{"name":"wp","href":"https:\/\/api.w.org\/{rel}","templated":true}]}}