{"id":13045,"date":"2022-04-30T09:40:59","date_gmt":"2022-04-30T08:40:59","guid":{"rendered":"https:\/\/annamcara.ch\/htm\/?p=13045"},"modified":"2022-04-30T09:41:00","modified_gmt":"2022-04-30T08:41:00","slug":"4blick-12-gstaad22","status":"publish","type":"post","link":"https:\/\/annamcara.ch\/htm\/12tel-blick-22\/4blick-12-gstaad22\/","title":{"rendered":"4. Blick von 12 &#8211; Gstaad &#8211; 2022"},"content":{"rendered":"<div id=\"pl-13045\"  class=\"panel-layout\" ><div id=\"pg-13045-0\"  class=\"panel-grid panel-no-style\" ><div id=\"pgc-13045-0-0\"  class=\"panel-grid-cell\" ><div id=\"panel-13045-0-0-0\" class=\"so-panel widget widget_sow-editor panel-first-child\" data-index=\"0\" ><div\n\t\t\t\n\t\t\tclass=\"so-widget-sow-editor so-widget-sow-editor-base\"\n\t\t\t\n\t\t>\n<div class=\"siteorigin-widget-tinymce textwidget\">\n\t<h3>Fr\u00fchling<\/h3>\n<p>Liebe Freunde<\/p>\n<p>Dieser Blick <strong>\u00bbAussicht - Gstaad durch's Jahr - 12tel Blick 2022\u00ab<\/strong> ist an einem sehr besonderen Tag entstanden. Und ich bin den ganzen Monat auch kein zweites Mal angehalten. Es war einfach der Moment, der festgehalten werden wollte und den ich nun mit euch teilen m\u00f6chte <\/p>\n<p><img decoding=\"async\" class=\"aligncenter\" src=\"https:\/\/annamcara.ch\/htm\/wp-content\/uploads\/4-12telBlick-Gstaad2022-AnnamCara.jpg\" alt=\"Anna'mCara-Blog - 12tel-Blick - Gstaad - 4. Blick - April 2022\"\/><\/p>\n<\/div>\n<\/div><\/div><div id=\"panel-13045-0-0-1\" class=\"so-panel widget widget_sow-editor panel-last-child\" data-index=\"1\" ><div\n\t\t\t\n\t\t\tclass=\"so-widget-sow-editor so-widget-sow-editor-base\"\n\t\t\t\n\t\t>\n<div class=\"siteorigin-widget-tinymce textwidget\">\n\t<h3>Fotoausschnitt<\/h3>\n<p>Auch dieses Mal hat der Ausschnitt, mindestens hier vom Aussichtspunkt wunderbar gepasst. Denn hab ich glaube ich nun wirklich im Auge \ud83d\ude09 \u2665 <\/p>\n<\/div>\n<\/div><\/div><\/div><\/div><div id=\"pg-13045-1\"  class=\"panel-grid panel-no-style\" ><div id=\"pgc-13045-1-0\"  class=\"panel-grid-cell\" ><div id=\"panel-13045-1-0-0\" class=\"so-panel widget widget_sow-editor panel-first-child panel-last-child\" data-index=\"2\" ><div\n\t\t\t\n\t\t\tclass=\"so-widget-sow-editor so-widget-sow-editor-base\"\n\t\t\t\n\t\t>\n<div class=\"siteorigin-widget-tinymce textwidget\">\n\t<hr \/>\n<p><img decoding=\"async\" class=\"aligncenter\" src=\"https:\/\/annamcara.ch\/htm\/wp-content\/uploads\/AnnamCara-12telBlick-2022-Gstaad-Jahresblick_0412.jpg\" alt=\"Anna'mCara-Blog - 12tel-Blick - Jahresblick - Gstaad - April\" width=\"60%\" height=\"60%\"\/><\/p>\n<hr \/>\n<\/div>\n<\/div><\/div><\/div><\/div><div id=\"pg-13045-2\"  class=\"panel-grid panel-no-style\" ><div id=\"pgc-13045-2-0\"  class=\"panel-grid-cell\" ><div id=\"panel-13045-2-0-0\" class=\"so-panel widget widget_sow-editor panel-first-child\" data-index=\"3\" ><div\n\t\t\t\n\t\t\tclass=\"so-widget-sow-editor so-widget-sow-editor-base\"\n\t\t\t\n\t\t>\n<div class=\"siteorigin-widget-tinymce textwidget\">\n\t<p><span style=\"font-size: 0.7rem;\">(Beitrag kann unbezahlte und\/oder unbeauftragte Werbung wegen Namensnennung, Produkterkennung und\/oder Verlinkung enthalten.)<\/span><\/p>\n<p>Nat\u00fcrlich verlinkt bei <a title=\"Link zur Seite von Eva Fuchs - 12tel Blick April 2022\" href=\"https:\/\/evafuchs.blogspot.com\/2022\/04\/april12tel-blick22.html\" target=\"_blank\" rel=\"noopener\">Eva Fuchs auf verfuchstundzugen\u00e4ht<\/a>.<\/p>\n<\/div>\n<\/div><\/div><div id=\"panel-13045-2-0-1\" class=\"so-panel widget widget_sow-editor panel-last-child\" data-index=\"4\" ><div\n\t\t\t\n\t\t\tclass=\"so-widget-sow-editor so-widget-sow-editor-base\"\n\t\t\t\n\t\t>\n<div class=\"siteorigin-widget-tinymce textwidget\">\n\t<p>Ich w\u00fcnsche euch ein sonniges und fr\u00fchlingshaftes Wochenende, sowie einen wundersch\u00f6nen Mai.<\/p>\n<p>Herzlichst, Anna<\/p>\n<\/div>\n<\/div><\/div><\/div><\/div><\/div>","protected":false},"excerpt":{"rendered":"<p>Fr\u00fchling Liebe Freunde Dieser Blick \u00bbAussicht &#8211; Gstaad durch&#8217;s Jahr &#8211; 12tel Blick 2022\u00ab ist an einem sehr besonderen Tag entstanden. Und ich bin den ganzen Monat auch kein zweites Mal angehalten. Es war einfach der Moment, der festgehalten werden wollte und den ich nun mit euch teilen m\u00f6chte Fotoausschnitt Auch dieses Mal hat der &hellip; <\/p>\n<p class=\"link-more\"><a href=\"https:\/\/annamcara.ch\/htm\/12tel-blick-22\/4blick-12-gstaad22\/\" class=\"more-link\"><span class=\"screen-reader-text\">\u201e4. Blick von 12 &#8211; Gstaad &#8211; 2022\u201c<\/span> weiterlesen<\/a><\/p>\n","protected":false},"author":1,"featured_media":0,"comment_status":"open","ping_status":"open","sticky":false,"template":"","format":"standard","meta":{"ngg_post_thumbnail":0,"footnotes":""},"categories":[293],"tags":[59,298,61,311,289,299,62,60,143,300,302,273,145,301,310],"class_list":["post-13045","post","type-post","status-publish","format-standard","hentry","category-12tel-blick-22","tag-12tel-blick","tag-298","tag-aussicht","tag-best-place-to-be","tag-blog-challenge","tag-foto-challenge","tag-fotografie","tag-fotos","tag-fruehling","tag-gstaad","tag-illustres-voralpendorf","tag-jahresprojekt","tag-maerz","tag-saanen","tag-zusatzbilder"],"_links":{"self":[{"href":"https:\/\/annamcara.ch\/htm\/wp-json\/wp\/v2\/posts\/13045","targetHints":{"allow":["GET"]}}],"collection":[{"href":"https:\/\/annamcara.ch\/htm\/wp-json\/wp\/v2\/posts"}],"about":[{"href":"https:\/\/annamcara.ch\/htm\/wp-json\/wp\/v2\/types\/post"}],"author":[{"embeddable":true,"href":"https:\/\/annamcara.ch\/htm\/wp-json\/wp\/v2\/users\/1"}],"replies":[{"embeddable":true,"href":"https:\/\/annamcara.ch\/htm\/wp-json\/wp\/v2\/comments?post=13045"}],"version-history":[{"count":1,"href":"https:\/\/annamcara.ch\/htm\/wp-json\/wp\/v2\/posts\/13045\/revisions"}],"predecessor-version":[{"id":13052,"href":"https:\/\/annamcara.ch\/htm\/wp-json\/wp\/v2\/posts\/13045\/revisions\/13052"}],"wp:attachment":[{"href":"https:\/\/annamcara.ch\/htm\/wp-json\/wp\/v2\/media?parent=13045"}],"wp:term":[{"taxonomy":"category","embeddable":true,"href":"https:\/\/annamcara.ch\/htm\/wp-json\/wp\/v2\/categories?post=13045"},{"taxonomy":"post_tag","embeddable":true,"href":"https:\/\/annamcara.ch\/htm\/wp-json\/wp\/v2\/tags?post=13045"}],"curies":[{"name":"wp","href":"https:\/\/api.w.org\/{rel}","templated":true}]}}