{"id":12934,"date":"2022-03-31T13:00:44","date_gmt":"2022-03-31T12:00:44","guid":{"rendered":"https:\/\/annamcara.ch\/htm\/?p=12934"},"modified":"2023-12-08T13:32:26","modified_gmt":"2023-12-08T12:32:26","slug":"monatscollage-maerz-2022","status":"publish","type":"post","link":"https:\/\/annamcara.ch\/htm\/monatsfotocollage22\/monatscollage-maerz-2022\/","title":{"rendered":"Monatscollage &#8211; M\u00e4rz 2022"},"content":{"rendered":"<div id=\"pl-12934\"  class=\"panel-layout\" ><div id=\"pg-12934-0\"  class=\"panel-grid panel-no-style\" ><div id=\"pgc-12934-0-0\"  class=\"panel-grid-cell\" ><div id=\"panel-12934-0-0-0\" class=\"so-panel widget widget_sow-editor panel-first-child\" data-index=\"0\" ><div\n\t\t\t\n\t\t\tclass=\"so-widget-sow-editor so-widget-sow-editor-base\"\n\t\t\t\n\t\t>\n<div class=\"siteorigin-widget-tinymce textwidget\">\n\t<h3>Ein Monat in Bildern<\/h3>\n<p>Liebe Freunde<\/p>\n<p>Ein bewegter und projektreicher M\u00e4rz liegt hinter mir. Mein Partner war sehr aktiv unser Gartenprojekt zu realisieren - vom Spatenstich bis hin zum ersten Zwischenziel, bevor der Winter sich hier nochmals zeigte. Und ich hab mich um diverse Schmuckauftr\u00e4ge k\u00fcmmern d\u00fcrfen. Mittendrin wie immer unser kleiner Prinz \"Bahdro von L\u00f6wenherz\". <\/p>\n<p><img decoding=\"async\" class=\"aligncenter\" src=\"https:\/\/annamcara.ch\/htm\/wp-content\/uploads\/AnnamCara-Monatscollage-Maerz-22-scaled.jpg\" alt=\"Anna'mCara-Blog - Monatscollage - M\u00e4rz 2022\"\/><\/p>\n<\/div>\n<\/div><\/div><div id=\"panel-12934-0-0-1\" class=\"so-panel widget widget_sow-editor panel-last-child\" data-index=\"1\" ><div\n\t\t\t\n\t\t\tclass=\"so-widget-sow-editor so-widget-sow-editor-base\"\n\t\t\t\n\t\t>\n<div class=\"siteorigin-widget-tinymce textwidget\">\n\t<h3>Herausforderung<\/h3>\n<p>Eine Collage erstellen, aus Fotos, Bildern, Projekten, die mich mit einem Blick an einen Monat erinnern kann.<br \/>\nDiese wird dann jeweils zum letzten Donnerstag im Monat ver\u00f6ffentlicht. Dies ist mein M\u00e4rz 2022. \u2665 <\/p>\n<hr \/>\n<\/div>\n<\/div><\/div><\/div><\/div><div id=\"pg-12934-1\"  class=\"panel-grid panel-no-style\" ><div id=\"pgc-12934-1-0\"  class=\"panel-grid-cell\" ><div id=\"panel-12934-1-0-0\" class=\"so-panel widget widget_sow-editor panel-first-child\" data-index=\"2\" ><div\n\t\t\t\n\t\t\tclass=\"so-widget-sow-editor so-widget-sow-editor-base\"\n\t\t\t\n\t\t>\n<div class=\"siteorigin-widget-tinymce textwidget\">\n\t<p><span style=\"font-size: 0.7rem;\">(Beitrag kann unbezahlte und\/oder unbeauftragte Werbung wegen Namensnennung, Produkterkennung und\/oder Verlinkung enthalten.)<\/span><\/p>\n<p>Ich freu mich sehr auf diese Zeit und dass ich dabei sein kann. Verlinkt bei <a title=\"Link zur Seite von Birgitt - Monatscollage M\u00e4rz 2022\" href=\"https:\/\/diebirgitt.blogspot.com\/2022\/03\/monatscollage-marz-2022.html\" target=\"_blank\" rel=\"noopener\">die Birgitt<\/a>.<\/p>\n<\/div>\n<\/div><\/div><div id=\"panel-12934-1-0-1\" class=\"so-panel widget widget_sow-editor panel-last-child\" data-index=\"3\" ><div\n\t\t\t\n\t\t\tclass=\"so-widget-sow-editor so-widget-sow-editor-base\"\n\t\t\t\n\t\t>\n<div class=\"siteorigin-widget-tinymce textwidget\">\n\t<p>Auf weitere sch\u00f6ne, eindr\u00fcckliche und lustige Momente in diesem 2022.<\/p>\n<p>Herzlichst, Anna<\/p>\n<\/div>\n<\/div><\/div><\/div><\/div><\/div>","protected":false},"excerpt":{"rendered":"<p>Ein Monat in Bildern Liebe Freunde Ein bewegter und projektreicher M\u00e4rz liegt hinter mir. Mein Partner war sehr aktiv unser Gartenprojekt zu realisieren &#8211; vom Spatenstich bis hin zum ersten Zwischenziel, bevor der Winter sich hier nochmals zeigte. Und ich hab mich um diverse Schmuckauftr\u00e4ge k\u00fcmmern d\u00fcrfen. Mittendrin wie immer unser kleiner Prinz &#8222;Bahdro von &hellip; <\/p>\n<p class=\"link-more\"><a href=\"https:\/\/annamcara.ch\/htm\/monatsfotocollage22\/monatscollage-maerz-2022\/\" class=\"more-link\"><span class=\"screen-reader-text\">\u201eMonatscollage &#8211; M\u00e4rz 2022\u201c<\/span> weiterlesen<\/a><\/p>\n","protected":false},"author":1,"featured_media":0,"comment_status":"open","ping_status":"open","sticky":false,"template":"","format":"standard","meta":{"ngg_post_thumbnail":0,"footnotes":""},"categories":[408,304],"tags":[298,289,307,299,62,60,308,273,306],"class_list":["post-12934","post","type-post","status-publish","format-standard","hentry","category-408","category-monatsfotocollage22","tag-298","tag-blog-challenge","tag-erinnerung","tag-foto-challenge","tag-fotografie","tag-fotos","tag-herzenscollage","tag-jahresprojekt","tag-monatscollage"],"_links":{"self":[{"href":"https:\/\/annamcara.ch\/htm\/wp-json\/wp\/v2\/posts\/12934","targetHints":{"allow":["GET"]}}],"collection":[{"href":"https:\/\/annamcara.ch\/htm\/wp-json\/wp\/v2\/posts"}],"about":[{"href":"https:\/\/annamcara.ch\/htm\/wp-json\/wp\/v2\/types\/post"}],"author":[{"embeddable":true,"href":"https:\/\/annamcara.ch\/htm\/wp-json\/wp\/v2\/users\/1"}],"replies":[{"embeddable":true,"href":"https:\/\/annamcara.ch\/htm\/wp-json\/wp\/v2\/comments?post=12934"}],"version-history":[{"count":1,"href":"https:\/\/annamcara.ch\/htm\/wp-json\/wp\/v2\/posts\/12934\/revisions"}],"predecessor-version":[{"id":12936,"href":"https:\/\/annamcara.ch\/htm\/wp-json\/wp\/v2\/posts\/12934\/revisions\/12936"}],"wp:attachment":[{"href":"https:\/\/annamcara.ch\/htm\/wp-json\/wp\/v2\/media?parent=12934"}],"wp:term":[{"taxonomy":"category","embeddable":true,"href":"https:\/\/annamcara.ch\/htm\/wp-json\/wp\/v2\/categories?post=12934"},{"taxonomy":"post_tag","embeddable":true,"href":"https:\/\/annamcara.ch\/htm\/wp-json\/wp\/v2\/tags?post=12934"}],"curies":[{"name":"wp","href":"https:\/\/api.w.org\/{rel}","templated":true}]}}