{"id":12440,"date":"2022-02-25T13:00:12","date_gmt":"2022-02-25T12:00:12","guid":{"rendered":"https:\/\/annamcara.ch\/htm\/?p=12440"},"modified":"2022-03-01T22:00:47","modified_gmt":"2022-03-01T21:00:47","slug":"1blick-12-baum22-2","status":"publish","type":"post","link":"https:\/\/annamcara.ch\/htm\/12tel-blick-22\/1blick-12-baum22-2\/","title":{"rendered":"2. Blick von 12 &#8211; Baumfreunde &#8211; 2022"},"content":{"rendered":"<div id=\"pl-12440\"  class=\"panel-layout\" ><div id=\"pg-12440-0\"  class=\"panel-grid panel-no-style\" ><div id=\"pgc-12440-0-0\"  class=\"panel-grid-cell\" ><div id=\"panel-12440-0-0-0\" class=\"so-panel widget widget_sow-editor panel-first-child\" data-index=\"0\" ><div\n\t\t\t\n\t\t\tclass=\"so-widget-sow-editor so-widget-sow-editor-base\"\n\t\t\t\n\t\t>\n<div class=\"siteorigin-widget-tinymce textwidget\">\n\t<h3>Begleiter - Freunde - Gemeinsam<\/h3>\n<p>Liebe Freunde<\/p>\n<p>Meine Begleiter zum Thema <strong>\u00bbGemeinsam - Baumfreunde - 12tel Blick 2022\u00ab<\/strong> werden in diesem Monat schon etwas mehr von sich und ihrer Umgebung preisgeben. Sie stehen ziemlich genau 35 min. nordw\u00e4rts von uns zuhause aus gesehen, kurz oberhalb des wundersch\u00f6nen Thunersees. Gerne fahre ich diesen Weg, einfach weil mir die Zwei gut tun.<\/p>\n<p><img decoding=\"async\" class=\"aligncenter\" src=\"https:\/\/annamcara.ch\/htm\/wp-content\/uploads\/2-12telBlick-Baumfreunde2022-AnnamCara.jpg\" alt=\"Anna'mCara-Blog - 12tel-Blick - 2. Blick - Februar 2022\"\/><\/p>\n<\/div>\n<\/div><\/div><div id=\"panel-12440-0-0-1\" class=\"so-panel widget widget_sow-editor panel-last-child\" data-index=\"1\" ><div\n\t\t\t\n\t\t\tclass=\"so-widget-sow-editor so-widget-sow-editor-base\"\n\t\t\t\n\t\t>\n<div class=\"siteorigin-widget-tinymce textwidget\">\n\t<h3>Gemeinsam - Baummentor<\/h3>\n<p>Diese zwei sind mir wahrlich in den letzten zwei Jahren ans Herz gewachsen. Irgendwie symbolisieren sie f\u00fcr mich das gemeinsame Zusammenstehen, das Miteinander, das Hand-in-Hand. Lasst uns wieder vermehrt \u00bbBaum\u00ab-Freunde sein! \u2665 <\/p>\n<\/div>\n<\/div><\/div><\/div><\/div><div id=\"pg-12440-1\"  class=\"panel-grid panel-no-style\" ><div id=\"pgc-12440-1-0\"  class=\"panel-grid-cell\" ><div id=\"panel-12440-1-0-0\" class=\"so-panel widget widget_sow-editor panel-first-child panel-last-child\" data-index=\"2\" ><div\n\t\t\t\n\t\t\tclass=\"so-widget-sow-editor so-widget-sow-editor-base\"\n\t\t\t\n\t\t>\n<div class=\"siteorigin-widget-tinymce textwidget\">\n\t<hr \/>\n<p>Also wenn ich euch schon vom Thunersee erz\u00e4hle, so m\u00f6chte ich euch den nat\u00fcrlich aus pr\u00e4sentieren. An diesem Standort sind wir (mein Hund und ich) sehr gerne. F\u00fcr ihn durftet es absolut interessant, jedes Grash\u00e4lmchen erz\u00e4hlt ihm eine unglaublich lange Duft-Geschichte. Und f\u00fcr mich ist es ein Ort, an dem ich wundervoll entspannen und geniessen kann. <\/p>\n<\/div>\n<\/div><\/div><\/div><\/div><div id=\"pg-12440-2\"  class=\"panel-grid panel-no-style\" ><div id=\"pgc-12440-2-0\"  class=\"panel-grid-cell\" ><div id=\"panel-12440-2-0-0\" class=\"so-panel widget widget_sow-image panel-first-child panel-last-child\" data-index=\"3\" ><div\n\t\t\t\n\t\t\tclass=\"so-widget-sow-image so-widget-sow-image-default-8b5b6f678277-12440\"\n\t\t\t\n\t\t>\n<div class=\"sow-image-container\">\n\t\t<img \n\tsrc=\"https:\/\/annamcara.ch\/htm\/wp-content\/uploads\/2-12telBlick-Baum2022-AnnamCara-Zusatz1.jpg\" width=\"900\" height=\"506\" srcset=\"https:\/\/annamcara.ch\/htm\/wp-content\/uploads\/2-12telBlick-Baum2022-AnnamCara-Zusatz1.jpg 900w, https:\/\/annamcara.ch\/htm\/wp-content\/uploads\/2-12telBlick-Baum2022-AnnamCara-Zusatz1-416x234.jpg 416w, https:\/\/annamcara.ch\/htm\/wp-content\/uploads\/2-12telBlick-Baum2022-AnnamCara-Zusatz1-300x169.jpg 300w, https:\/\/annamcara.ch\/htm\/wp-content\/uploads\/2-12telBlick-Baum2022-AnnamCara-Zusatz1-768x432.jpg 768w\" sizes=\"(max-width: 706px) 89vw, (max-width: 767px) 82vw, 740px\" title=\"Anna&#039;mCara-Blog - 12tel-Blick - Baumfreunde - Februar - Zusatzbild 1\" alt=\"Anna&#039;mCara-Blog - 12tel-Blick - Baumfreunde - Februar - Zusatzbild 1\" \t\tclass=\"so-widget-image\"\/>\n\t<\/div>\n\n<\/div><\/div><\/div><div id=\"pgc-12440-2-1\"  class=\"panel-grid-cell\" ><div id=\"panel-12440-2-1-0\" class=\"so-panel widget widget_sow-image panel-first-child panel-last-child\" data-index=\"4\" ><div\n\t\t\t\n\t\t\tclass=\"so-widget-sow-image so-widget-sow-image-default-8b5b6f678277-12440\"\n\t\t\t\n\t\t>\n<div class=\"sow-image-container\">\n\t\t<img \n\tsrc=\"https:\/\/annamcara.ch\/htm\/wp-content\/uploads\/2-12telBlick-Baum2022-AnnamCara-Zusatz2.jpg\" width=\"900\" height=\"506\" srcset=\"https:\/\/annamcara.ch\/htm\/wp-content\/uploads\/2-12telBlick-Baum2022-AnnamCara-Zusatz2.jpg 900w, https:\/\/annamcara.ch\/htm\/wp-content\/uploads\/2-12telBlick-Baum2022-AnnamCara-Zusatz2-416x234.jpg 416w, https:\/\/annamcara.ch\/htm\/wp-content\/uploads\/2-12telBlick-Baum2022-AnnamCara-Zusatz2-300x169.jpg 300w, https:\/\/annamcara.ch\/htm\/wp-content\/uploads\/2-12telBlick-Baum2022-AnnamCara-Zusatz2-768x432.jpg 768w\" sizes=\"(max-width: 706px) 89vw, (max-width: 767px) 82vw, 740px\" title=\"Anna&#039;mCara-Blog - 12tel-Blick - Baumfreunde - Februar - Zusatzbild 2\" alt=\"Anna&#039;mCara-Blog - 12tel-Blick - Baumfreunde - Februar - Zusatzbild 2\" \t\tclass=\"so-widget-image\"\/>\n\t<\/div>\n\n<\/div><\/div><\/div><\/div><div id=\"pg-12440-3\"  class=\"panel-grid panel-no-style\" ><div id=\"pgc-12440-3-0\"  class=\"panel-grid-cell\" ><div id=\"panel-12440-3-0-0\" class=\"so-panel widget widget_sow-editor panel-first-child panel-last-child\" data-index=\"5\" ><div\n\t\t\t\n\t\t\tclass=\"so-widget-sow-editor so-widget-sow-editor-base\"\n\t\t\t\n\t\t>\n<div class=\"siteorigin-widget-tinymce textwidget\">\n\t<hr \/>\n<p><img decoding=\"async\" class=\"aligncenter\" src=\"https:\/\/annamcara.ch\/htm\/wp-content\/uploads\/AnnamCara-12telBlick-2022-Baumfreunde-Jahresblick_0212.jpg\" alt=\"Anna'mCara-Blog - 12tel-Blick - Jahresblick - Februar\" width=\"60%\" height=\"60%\" \/><\/p>\n<hr \/>\n<\/div>\n<\/div><\/div><\/div><\/div><div id=\"pg-12440-4\"  class=\"panel-grid panel-no-style\" ><div id=\"pgc-12440-4-0\"  class=\"panel-grid-cell\" ><div id=\"panel-12440-4-0-0\" class=\"so-panel widget widget_sow-editor panel-first-child\" data-index=\"6\" ><div\n\t\t\t\n\t\t\tclass=\"so-widget-sow-editor so-widget-sow-editor-base\"\n\t\t\t\n\t\t>\n<div class=\"siteorigin-widget-tinymce textwidget\">\n\t<p><span style=\"font-size: 0.7rem;\">(Beitrag kann unbezahlte und\/oder unbeauftragte Werbung wegen Namensnennung, Produkterkennung und\/oder Verlinkung enthalten.)<\/span><\/p>\n<p>Und nat\u00fcrlich sind auch diese Beiden wieder verlinkt bei <a title=\"Link zur Seite von Eva Fuchs - 12tel Blick Februar 2022\" href=\"https:\/\/evafuchs.blogspot.com\/2022\/02\/februar12tel-blick22.html\" target=\"_blank\" rel=\"noopener\">Eva Fuchs auf verfuchstundzugen\u00e4ht<\/a>.<\/p>\n<\/div>\n<\/div><\/div><div id=\"panel-12440-4-0-1\" class=\"so-panel widget widget_sow-editor panel-last-child\" data-index=\"7\" ><div\n\t\t\t\n\t\t\tclass=\"so-widget-sow-editor so-widget-sow-editor-base\"\n\t\t\t\n\t\t>\n<div class=\"siteorigin-widget-tinymce textwidget\">\n\t<p>Ich w\u00fcnsche euch ein geselliges Miteinander und ein gem\u00fctliches Wochenende.<\/p>\n<p>Herzlichst, Anna<\/p>\n<\/div>\n<\/div><\/div><\/div><\/div><\/div>","protected":false},"excerpt":{"rendered":"<p>Begleiter &#8211; Freunde &#8211; Gemeinsam Liebe Freunde Meine Begleiter zum Thema \u00bbGemeinsam &#8211; Baumfreunde &#8211; 12tel Blick 2022\u00ab werden in diesem Monat schon etwas mehr von sich und ihrer Umgebung preisgeben. Sie stehen ziemlich genau 35 min. nordw\u00e4rts von uns zuhause aus gesehen, kurz oberhalb des wundersch\u00f6nen Thunersees. Gerne fahre ich diesen Weg, einfach weil &hellip; <\/p>\n<p class=\"link-more\"><a href=\"https:\/\/annamcara.ch\/htm\/12tel-blick-22\/1blick-12-baum22-2\/\" class=\"more-link\"><span class=\"screen-reader-text\">\u201e2. Blick von 12 &#8211; Baumfreunde &#8211; 2022\u201c<\/span> weiterlesen<\/a><\/p>\n","protected":false},"author":1,"featured_media":0,"comment_status":"open","ping_status":"open","sticky":false,"template":"","format":"standard","meta":{"ngg_post_thumbnail":0,"footnotes":""},"categories":[293],"tags":[59,298,61,295,294,289,299,62,60,273,297,296],"class_list":["post-12440","post","type-post","status-publish","format-standard","hentry","category-12tel-blick-22","tag-12tel-blick","tag-298","tag-aussicht","tag-baeume","tag-baumfreunde","tag-blog-challenge","tag-foto-challenge","tag-fotografie","tag-fotos","tag-jahresprojekt","tag-mystisch","tag-nebel"],"_links":{"self":[{"href":"https:\/\/annamcara.ch\/htm\/wp-json\/wp\/v2\/posts\/12440","targetHints":{"allow":["GET"]}}],"collection":[{"href":"https:\/\/annamcara.ch\/htm\/wp-json\/wp\/v2\/posts"}],"about":[{"href":"https:\/\/annamcara.ch\/htm\/wp-json\/wp\/v2\/types\/post"}],"author":[{"embeddable":true,"href":"https:\/\/annamcara.ch\/htm\/wp-json\/wp\/v2\/users\/1"}],"replies":[{"embeddable":true,"href":"https:\/\/annamcara.ch\/htm\/wp-json\/wp\/v2\/comments?post=12440"}],"version-history":[{"count":12,"href":"https:\/\/annamcara.ch\/htm\/wp-json\/wp\/v2\/posts\/12440\/revisions"}],"predecessor-version":[{"id":12547,"href":"https:\/\/annamcara.ch\/htm\/wp-json\/wp\/v2\/posts\/12440\/revisions\/12547"}],"wp:attachment":[{"href":"https:\/\/annamcara.ch\/htm\/wp-json\/wp\/v2\/media?parent=12440"}],"wp:term":[{"taxonomy":"category","embeddable":true,"href":"https:\/\/annamcara.ch\/htm\/wp-json\/wp\/v2\/categories?post=12440"},{"taxonomy":"post_tag","embeddable":true,"href":"https:\/\/annamcara.ch\/htm\/wp-json\/wp\/v2\/tags?post=12440"}],"curies":[{"name":"wp","href":"https:\/\/api.w.org\/{rel}","templated":true}]}}