{"id":12023,"date":"2022-01-29T00:05:43","date_gmt":"2022-01-28T23:05:43","guid":{"rendered":"https:\/\/annamcara.ch\/htm\/?p=12023"},"modified":"2023-12-11T11:22:33","modified_gmt":"2023-12-11T10:22:33","slug":"lecker-schmecker-bowl","status":"publish","type":"post","link":"https:\/\/annamcara.ch\/htm\/veganekochecke\/lecker-schmecker-bowl\/","title":{"rendered":"Veganes 2022 &#8211; Januar"},"content":{"rendered":"<div id=\"pl-12023\"  class=\"panel-layout\" ><div id=\"pg-12023-0\"  class=\"panel-grid panel-no-style\" ><div id=\"pgc-12023-0-0\"  class=\"panel-grid-cell\" ><div id=\"panel-12023-0-0-0\" class=\"so-panel widget widget_sow-editor panel-first-child panel-last-child\" data-index=\"0\" ><div\n\t\t\t\n\t\t\tclass=\"so-widget-sow-editor so-widget-sow-editor-base\"\n\t\t\t\n\t\t>\n<div class=\"siteorigin-widget-tinymce textwidget\">\n\t<h3><strong>Lecker-Schmecker-Bowl<\/strong> \/ Avocado-Orangen Salat<\/h3>\n<p>Wir waren zum Essen eingeladen, die Standardfrage, was wir nicht gerne essen haben wir nat\u00fcrlich beantwortet (Tofu und Innereien, Meeresgetier). Soweit so gut.<br \/>\nWir haben an diesem Abend als Vorspeise diesen Salat mit R\u00e4uchertofu serviert bekommen. Und was soll ich sagen, ja, ich war sprachlos. Einerseits, weil es Tofu drauf hatte und andererseits, weil ich es super lecker fand \ud83d\ude09<br \/>\nManche m\u00fcssen zu ihrem Gl\u00fcck gezwungen werden... <\/p>\n<p><img decoding=\"async\" src=\"https:\/\/annamcara.ch\/htm\/wp-content\/uploads\/AnnamCara-Blog-Veganes2022-Januar-Header.jpg\" alt=\"Anna'mCara-Blog - Rezepte - Header - Avocado-Orangen-Salat\" width=\"100%\" height=\"100%\" align=\"center\"\/><\/p>\n<p>Man k\u00f6nnte also sagen, dieses Rezept war der Startschuss f\u00fcr diese Challenge. Denn mit der Aktion \"Veganuary\" habe ich mich noch intensiver mit der veganen K\u00fcche auseinander gesetzt. F\u00fcr mich ist es eine pers\u00f6nliche Challenge, diese \"Veganes 2022\". Also legen wir los!<\/p>\n<\/div>\n<\/div><\/div><\/div><\/div><div id=\"pg-12023-1\"  class=\"panel-grid panel-no-style\" ><div id=\"pgc-12023-1-0\"  class=\"panel-grid-cell\" ><div id=\"panel-12023-1-0-0\" class=\"so-panel widget widget_sow-editor panel-first-child panel-last-child\" data-index=\"1\" ><div\n\t\t\t\n\t\t\tclass=\"so-widget-sow-editor so-widget-sow-editor-base\"\n\t\t\t\n\t\t>\n<div class=\"siteorigin-widget-tinymce textwidget\">\n\t<p>Nat\u00fcrlich k\u00f6nnt ihr die Zutaten nach eurem Geschmack anpassen und auch variieren. Doch als erstes empfehle ich euch, diese Bowl genau so zu versuchen. Weil, einfach super lecker. Ihr k\u00f6nnt sp\u00e4ter immer noch ausprobieren, wie es ist Kaki statt Orangen und Wasabi-N\u00fcsse statt Pekann\u00fcsse zu verwenden. Achtet bei den Wasabis auf die Inhaltsstoffe! Oder ob ihr z.B. auch gerne noch Heidelbeeren dazugeben m\u00f6chtet.<\/p>\n<\/div>\n<\/div><\/div><\/div><div id=\"pgc-12023-1-1\"  class=\"panel-grid-cell\" ><div id=\"panel-12023-1-1-0\" class=\"so-panel widget widget_sow-image panel-first-child panel-last-child\" data-index=\"2\" ><div\n\t\t\t\n\t\t\tclass=\"so-widget-sow-image so-widget-sow-image-default-8b5b6f678277-12023\"\n\t\t\t\n\t\t>\n<div class=\"sow-image-container\">\n\t\t<img \n\tsrc=\"https:\/\/annamcara.ch\/htm\/wp-content\/uploads\/AnnamCara-Blog-Veganes2022-Banner-Vor-Speise.png\" width=\"1259\" height=\"737\" srcset=\"https:\/\/annamcara.ch\/htm\/wp-content\/uploads\/AnnamCara-Blog-Veganes2022-Banner-Vor-Speise.png 1259w, https:\/\/annamcara.ch\/htm\/wp-content\/uploads\/AnnamCara-Blog-Veganes2022-Banner-Vor-Speise-300x176.png 300w, https:\/\/annamcara.ch\/htm\/wp-content\/uploads\/AnnamCara-Blog-Veganes2022-Banner-Vor-Speise-1024x599.png 1024w, https:\/\/annamcara.ch\/htm\/wp-content\/uploads\/AnnamCara-Blog-Veganes2022-Banner-Vor-Speise-768x450.png 768w\" sizes=\"(max-width: 706px) 89vw, (max-width: 767px) 82vw, 740px\" title=\"Anna&#039;mCara - Blog-Challenge - Veganes 2022 - Banner - Vorspeise\" alt=\"Anna&#039;mCara - Blog-Challenge - Veganes 2022 - Banner - Vorspeise\" \t\tclass=\"so-widget-image\"\/>\n\t<\/div>\n\n<\/div><\/div><\/div><\/div><div id=\"pg-12023-2\"  class=\"panel-grid panel-no-style\" ><div id=\"pgc-12023-2-0\"  class=\"panel-grid-cell\" ><div id=\"panel-12023-2-0-0\" class=\"so-panel widget widget_sow-image panel-first-child panel-last-child\" data-index=\"3\" ><div\n\t\t\t\n\t\t\tclass=\"so-widget-sow-image so-widget-sow-image-default-8b5b6f678277-12023\"\n\t\t\t\n\t\t>\n<div class=\"sow-image-container\">\n\t\t<img \n\tsrc=\"https:\/\/annamcara.ch\/htm\/wp-content\/uploads\/AnnamCara-Blog-Veganes2022-Januar-Zutaten.jpg\" width=\"900\" height=\"600\" srcset=\"https:\/\/annamcara.ch\/htm\/wp-content\/uploads\/AnnamCara-Blog-Veganes2022-Januar-Zutaten.jpg 900w, https:\/\/annamcara.ch\/htm\/wp-content\/uploads\/AnnamCara-Blog-Veganes2022-Januar-Zutaten-416x277.jpg 416w, https:\/\/annamcara.ch\/htm\/wp-content\/uploads\/AnnamCara-Blog-Veganes2022-Januar-Zutaten-300x200.jpg 300w, https:\/\/annamcara.ch\/htm\/wp-content\/uploads\/AnnamCara-Blog-Veganes2022-Januar-Zutaten-768x512.jpg 768w, https:\/\/annamcara.ch\/htm\/wp-content\/uploads\/AnnamCara-Blog-Veganes2022-Januar-Zutaten-272x182.jpg 272w\" sizes=\"(max-width: 706px) 89vw, (max-width: 767px) 82vw, 740px\" title=\"Anna&#039;mCara-Blog - Veganes 2022 - Januar - Zutaten\" alt=\"Anna&#039;mCara-Blog - Veganes 2022 - Januar - Zutaten\" \t\tclass=\"so-widget-image\"\/>\n\t<\/div>\n\n<\/div><\/div><\/div><div id=\"pgc-12023-2-1\"  class=\"panel-grid-cell\" ><div id=\"panel-12023-2-1-0\" class=\"so-panel widget widget_sow-editor panel-first-child panel-last-child\" data-index=\"4\" ><div\n\t\t\t\n\t\t\tclass=\"so-widget-sow-editor so-widget-sow-editor-base\"\n\t\t\t\n\t\t>\n<div class=\"siteorigin-widget-tinymce textwidget\">\n\t<h3>Zutaten f\u00fcr 2 Personen:<\/h3>\n<p>2 Bio Orangen&nbsp;<br \/>\n1 Avocado<br \/>\n200 g Bio R\u00e4ucher-Tofu<br \/>\nPekann\u00fcsse<\/p>\n<p>Meersalz aus der M\u00fchle<br \/>\nPfeffer aus der M\u00fchle<br \/>\nChili aus der M\u00fchle<br \/>\nBalsamico Essig<br \/>\nOliven\u00f6l<\/p>\n<\/div>\n<\/div><\/div><\/div><\/div><div id=\"pg-12023-3\"  class=\"panel-grid panel-no-style\" ><div id=\"pgc-12023-3-0\"  class=\"panel-grid-cell\" ><div id=\"panel-12023-3-0-0\" class=\"so-panel widget widget_sow-editor panel-first-child panel-last-child\" data-index=\"5\" ><div\n\t\t\t\n\t\t\tclass=\"so-widget-sow-editor so-widget-sow-editor-base\"\n\t\t\t\n\t\t><h3 class=\"widget-title\">Zubereitung:<\/h3>\n<div class=\"siteorigin-widget-tinymce textwidget\">\n\t<p>Nimm zwei Salatsch\u00e4lchen. Orange mit dem Messer sch\u00e4len, d.h. Schale mit dem Messer fein herunterschneiden. Weisse H\u00e4utchen entfernen. (Schale: siehe Save-Food unten.) Dann die Orange in halbieren und in St\u00fccke schneiden. Pro Sch\u00e4lchen 1 Orange. Avocado halbieren, Kern entfernen und aus der Schale heben, in St\u00fccke schneiden. Je eine H\u00e4lfte pro Salatsch\u00e4lchen. Den Tofu ebenfalls in St\u00fccke scheiden und h\u00e4lftig auf die Sch\u00e4lchen verteilen. Das ganze mit Salz, Pfeffer und wer mag Chili w\u00fcrzen, mit Balsamico und Oliven\u00f6l betr\u00e4ufeln. Dann die Pekann\u00fcsse dar\u00fcber geben, wer mag kann diese noch grob hacken. Fertig ist der Lecker-Schmecker.<\/p>\n<p>Dazu passen <a href=\"https:\/\/annamcara.ch\/htm\/rezepte\/scones\/\" rel=\"noopener\" target=\"_blank\">Scones<\/a> hervorragend - gibt es auch als vegane Variante (<a href=\"https:\/\/annamcara.ch\/htm\/rezepte\/scones\/\" rel=\"noopener\" target=\"_blank\">siehe Rezepte hier<\/a>).<\/p>\n<\/div>\n<\/div><\/div><\/div><\/div><div id=\"pg-12023-4\"  class=\"panel-grid panel-no-style\" ><div id=\"pgc-12023-4-0\"  class=\"panel-grid-cell\" ><div id=\"panel-12023-4-0-0\" class=\"so-panel widget widget_sow-editor panel-first-child panel-last-child\" data-index=\"6\" ><div\n\t\t\t\n\t\t\tclass=\"so-widget-sow-editor so-widget-sow-editor-base\"\n\t\t\t\n\t\t>\n<div class=\"siteorigin-widget-tinymce textwidget\">\n\t<hr \/>\n<\/div>\n<\/div><\/div><\/div><\/div><div id=\"pg-12023-5\"  class=\"panel-grid panel-has-style\" ><div class=\"panel-row-style panel-row-style-for-12023-5\" ><div id=\"pgc-12023-5-0\"  class=\"panel-grid-cell\" ><div id=\"panel-12023-5-0-0\" class=\"so-panel widget widget_sow-editor panel-first-child panel-last-child\" data-index=\"7\" ><div\n\t\t\t\n\t\t\tclass=\"so-widget-sow-editor so-widget-sow-editor-base\"\n\t\t\t\n\t\t><h3 class=\"widget-title\">Save-Food-Tipp:<\/h3>\n<div class=\"siteorigin-widget-tinymce textwidget\">\n\t<p>Die Orangenschalenst\u00fccke in feine Zesten schneiden (sehr d\u00fcnne Streifchen). Diese bei Zimmertemperatur trocknen lassen und anschliessend in einem Schraubverschlussglas aufbewahren. Schmecken herrlich in frischen Teemischungen (z.B. mit frischem Ingwer), gemahlen sind diese vor allem zum Backen und W\u00fcrzen wunderbar. Sie lassen sich auch herrlich r\u00e4uchern. Bei uns werden Orangen-, Zitronen-, Limonen- und Mandarinenschalen so verarbeitet. Einfach mal ausprobieren und so den Abfall reduzieren.<\/p>\n<\/div>\n<\/div><\/div><\/div><div id=\"pgc-12023-5-1\"  class=\"panel-grid-cell\" ><div id=\"panel-12023-5-1-0\" class=\"so-panel widget widget_sow-image panel-first-child panel-last-child\" data-index=\"8\" ><div\n\t\t\t\n\t\t\tclass=\"so-widget-sow-image so-widget-sow-image-default-8b5b6f678277-12023\"\n\t\t\t\n\t\t>\n<div class=\"sow-image-container\">\n\t\t<img \n\tsrc=\"https:\/\/annamcara.ch\/htm\/wp-content\/uploads\/AnnamCara-Blog-Veganes2022-Januar-SaveFood.jpg\" width=\"900\" height=\"600\" srcset=\"https:\/\/annamcara.ch\/htm\/wp-content\/uploads\/AnnamCara-Blog-Veganes2022-Januar-SaveFood.jpg 900w, https:\/\/annamcara.ch\/htm\/wp-content\/uploads\/AnnamCara-Blog-Veganes2022-Januar-SaveFood-300x200.jpg 300w, https:\/\/annamcara.ch\/htm\/wp-content\/uploads\/AnnamCara-Blog-Veganes2022-Januar-SaveFood-768x512.jpg 768w, https:\/\/annamcara.ch\/htm\/wp-content\/uploads\/AnnamCara-Blog-Veganes2022-Januar-SaveFood-272x182.jpg 272w\" sizes=\"(max-width: 706px) 89vw, (max-width: 767px) 82vw, 740px\" title=\"Anna&#039;mCara - Blog-Challenge - Veganes 2022 - Save-Food\" alt=\"Anna&#039;mCara - Blog-Challenge - Veganes 2022 - Save-Food\" \t\tclass=\"so-widget-image\"\/>\n\t<\/div>\n\n<\/div><\/div><\/div><\/div><\/div><div id=\"pg-12023-6\"  class=\"panel-grid panel-no-style\" ><div id=\"pgc-12023-6-0\"  class=\"panel-grid-cell\" ><div id=\"panel-12023-6-0-0\" class=\"so-panel widget widget_sow-editor panel-first-child\" data-index=\"9\" ><div\n\t\t\t\n\t\t\tclass=\"so-widget-sow-editor so-widget-sow-editor-base\"\n\t\t\t\n\t\t>\n<div class=\"siteorigin-widget-tinymce textwidget\">\n\t<p>&nbsp;<\/p>\n<p><span style=\"font-size: 0.7rem;\">(Beitrag kann unbezahlte und\/oder unbeauftragte Werbung wegen Namensnennung, Produkterkennung und\/oder Verlinkung enthalten.)<\/span><\/p>\n<p><span style=\"font-size: 0.7rem;\"><strong>WICHTIG:<\/strong><br \/>\nDamit wir diese Linksammlung machen k\u00f6nnen, verwende ich InLinkz. Nat\u00fcrlich werden dabei Daten gespeichert die da sind: <em>IP-Adresse, E-Mail-Adresse, Blogadresse und Zeitpunkt der Verlinkung<\/em><\/span><br \/>\n<span style=\"font-size: 0.7rem;\">Mit der Teilnahme an dieser Linkparty erkl\u00e4rst du dich mit der Speicherung deiner Daten einverstanden. Du kannst deinen eigenen Link jederzeit l\u00f6schen, indem du auf den Papierkorb am rechten Bildrand klickst (beachte: daf\u00fcr musst du in demselben Browser sein, von dem aus du den Link gesetzt hast). Hier noch die <a href=\"https:\/\/fresh.inlinkz.com\/privacy\" rel=\"noopener\" target=\"_blank\">Datenschutzrichtlinie von InLinkz<\/a>.<\/span><\/p>\n<hr \/>\n<p>Ein sch\u00f6nes, entspanntes und genussvolles Wochenende \u2665<\/p>\n<p>Herzlichst, Anna<\/p>\n<\/div>\n<\/div><\/div><div id=\"panel-12023-6-0-1\" class=\"so-panel widget widget_sow-editor panel-last-child\" data-index=\"10\" ><div\n\t\t\t\n\t\t\tclass=\"so-widget-sow-editor so-widget-sow-editor-base\"\n\t\t\t\n\t\t>\n<div class=\"siteorigin-widget-tinymce textwidget\">\n\t<hr \/>\n<\/div>\n<\/div><\/div><\/div><\/div><div id=\"pg-12023-7\"  class=\"panel-grid panel-no-style\" ><div id=\"pgc-12023-7-0\"  class=\"panel-grid-cell\" ><div id=\"panel-12023-7-0-0\" class=\"so-panel widget widget_sow-editor panel-first-child panel-last-child\" data-index=\"11\" ><div\n\t\t\t\n\t\t\tclass=\"so-widget-sow-editor so-widget-sow-editor-base\"\n\t\t\t\n\t\t>\n<div class=\"siteorigin-widget-tinymce textwidget\">\n\t<p><!-- start InLinkz code --><\/p>\n<div class=\"inlinkz-widget\" data-uuid=\"5024c77848af40c9a68cd05fdb2fccd1\" style=\"width:100%;margin:30px 0;background-color:#eceff1;border-radius:7px;text-align:center;font-size:16px;font-family:'Helvetica Neue',Helvetica,Arial,sans-serif\">\n<div style=\"padding:8px;\">\n<p style=\"margin-bottom:15px;\">You are invited to the <strong>Inlinkz<\/strong> link party!<\/p>\n<p><a href=\"https:\/\/fresh.inlinkz.com\/p\/5024c77848af40c9a68cd05fdb2fccd1\" target=\"_blank\" rel=\"nofollow noopener\" style=\"padding:5px 20px;background:#209cee;text-decoration:none;color:#efefef;border-radius:4px;\">Click here to enter<\/a><\/div>\n<\/div>\n<p><span style=\"display: none;\"><script async=\"true\" src=\"https:\/\/fresh.inlinkz.com\/js\/widget\/load.js?id=a8b40ada7693d64e5923\"><\/script><\/span><br \/>\n<!-- end InLinkz code --><\/p>\n<\/div>\n<\/div><\/div><\/div><\/div><\/div>","protected":false},"excerpt":{"rendered":"<p>Lecker-Schmecker-Bowl \/ Avocado-Orangen Salat Wir waren zum Essen eingeladen, die Standardfrage, was wir nicht gerne essen haben wir nat\u00fcrlich beantwortet (Tofu und Innereien, Meeresgetier). Soweit so gut. Wir haben an diesem Abend als Vorspeise diesen Salat mit R\u00e4uchertofu serviert bekommen. Und was soll ich sagen, ja, ich war sprachlos. Einerseits, weil es Tofu drauf hatte &hellip; <\/p>\n<p class=\"link-more\"><a href=\"https:\/\/annamcara.ch\/htm\/veganekochecke\/lecker-schmecker-bowl\/\" class=\"more-link\"><span class=\"screen-reader-text\">\u201eVeganes 2022 &#8211; Januar\u201c<\/span> weiterlesen<\/a><\/p>\n","protected":false},"author":1,"featured_media":0,"comment_status":"open","ping_status":"open","sticky":false,"template":"","format":"standard","meta":{"ngg_post_thumbnail":0,"footnotes":""},"categories":[408,278],"tags":[289,291,87,290,287,303,288],"class_list":["post-12023","post","type-post","status-publish","format-standard","hentry","category-408","category-veganekochecke","tag-blog-challenge","tag-herausforderung","tag-rezepte","tag-vegan","tag-veganes","tag-vorspeise","tag-wissen"],"_links":{"self":[{"href":"https:\/\/annamcara.ch\/htm\/wp-json\/wp\/v2\/posts\/12023","targetHints":{"allow":["GET"]}}],"collection":[{"href":"https:\/\/annamcara.ch\/htm\/wp-json\/wp\/v2\/posts"}],"about":[{"href":"https:\/\/annamcara.ch\/htm\/wp-json\/wp\/v2\/types\/post"}],"author":[{"embeddable":true,"href":"https:\/\/annamcara.ch\/htm\/wp-json\/wp\/v2\/users\/1"}],"replies":[{"embeddable":true,"href":"https:\/\/annamcara.ch\/htm\/wp-json\/wp\/v2\/comments?post=12023"}],"version-history":[{"count":82,"href":"https:\/\/annamcara.ch\/htm\/wp-json\/wp\/v2\/posts\/12023\/revisions"}],"predecessor-version":[{"id":13685,"href":"https:\/\/annamcara.ch\/htm\/wp-json\/wp\/v2\/posts\/12023\/revisions\/13685"}],"wp:attachment":[{"href":"https:\/\/annamcara.ch\/htm\/wp-json\/wp\/v2\/media?parent=12023"}],"wp:term":[{"taxonomy":"category","embeddable":true,"href":"https:\/\/annamcara.ch\/htm\/wp-json\/wp\/v2\/categories?post=12023"},{"taxonomy":"post_tag","embeddable":true,"href":"https:\/\/annamcara.ch\/htm\/wp-json\/wp\/v2\/tags?post=12023"}],"curies":[{"name":"wp","href":"https:\/\/api.w.org\/{rel}","templated":true}]}}